{"id":119198,"date":"2025-01-04T11:29:26","date_gmt":"2025-01-04T09:29:26","guid":{"rendered":"https:\/\/bannedvideos.net\/erika-uplne-ztratila-zrak-na-jedno-oko-kvuli-makularni-degeneraci-ale-dnes-uz-vidi-obema-ocima\/"},"modified":"2025-01-04T11:58:57","modified_gmt":"2025-01-04T09:58:57","slug":"erika-uplne-ztratila-zrak-na-jedno-oko-kvuli-makularni-degeneraci-ale-dnes-uz-vidi-obema-ocima","status":"publish","type":"post","link":"https:\/\/bannedvideos.net\/cs\/erika-uplne-ztratila-zrak-na-jedno-oko-kvuli-makularni-degeneraci-ale-dnes-uz-vidi-obema-ocima\/","title":{"rendered":"Erika \u00fapln\u011b ztratila zrak na jedno oko kv\u016fli makul\u00e1rn\u00ed degeneraci, ale dnes u\u017e vid\u00ed ob\u011bma o\u010dima"},"content":{"rendered":"<p>P\u0159ed 11 lety m\u011bla Erika probl\u00e9m s o\u010dima. Byla ji diagnostikov\u00e1na makul\u00e1rn\u00ed degenerace. Na lev\u00e9 oko \u00fapln\u011b ztratila zrak a jej\u00ed prav\u00e9 oko se tak\u00e9 za\u010dalo zhor\u0161ovat. Injekce do o\u010dn\u00ed bulvy chv\u00edli pomohly, ale v dob\u011b, kdy uplynul \u0161estit\u00fddenn\u00ed interval mezi ob\u011bma injekcemi, bylo jej\u00ed vid\u011bn\u00ed v\u017edy znovu naru\u0161eno. \u0160la tedy k jin\u00e9mu \u0159e\u0161en\u00ed, kter\u00e9 vypad\u00e1, \u017ee funguje. Po dobu 3 let se jej\u00ed vid\u011bn\u00ed bez injekc\u00ed nezhor\u0161ilo a m\u016f\u017ee pou\u017e\u00edvat ob\u011b o\u010di.<\/p>\n","protected":false},"excerpt":{"rendered":"<p>P\u0159ed 11 lety m\u011bla Erika probl\u00e9m s o\u010dima. Byla ji diagnostikov\u00e1na makul\u00e1rn\u00ed degenerace. Na lev\u00e9 oko \u00fapln\u011b ztratila zrak a jej\u00ed prav\u00e9 oko se tak\u00e9 za\u010dalo zhor\u0161ovat. Injekce do o\u010dn\u00ed bulvy chv\u00edli pomohly, ale v dob\u011b, kdy uplynul \u0161estit\u00fddenn\u00ed interval mezi ob\u011bma injekcemi, bylo jej\u00ed vid\u011bn\u00ed v\u017edy znovu naru\u0161eno. \u0160la tedy k jin\u00e9mu \u0159e\u0161en\u00ed, kter\u00e9 [&hellip;]<\/p>\n","protected":false},"author":4,"featured_media":119199,"comment_status":"closed","ping_status":"closed","sticky":false,"template":"","format":"video","meta":{"footnotes":""},"categories":[1008],"tags":[],"class_list":{"0":"post-119198","1":"post","2":"type-post","3":"status-publish","4":"format-video","5":"has-post-thumbnail","7":"category-problemy-se-zrakem-a-sluchem","8":"post_format-post-format-video"},"yoast_head":"<!-- This site is optimized with the Yoast SEO plugin v26.4 - https:\/\/yoast.com\/wordpress\/plugins\/seo\/ -->\n<title>Erika \u00fapln\u011b ztratila zrak na jedno oko kv\u016fli makul\u00e1rn\u00ed degeneraci, ale dnes u\u017e vid\u00ed ob\u011bma o\u010dima - Banned videos<\/title>\n<meta name=\"robots\" content=\"index, follow, max-snippet:-1, max-image-preview:large, max-video-preview:-1\" \/>\n<link rel=\"canonical\" href=\"https:\/\/bannedvideos.net\/cs\/erika-uplne-ztratila-zrak-na-jedno-oko-kvuli-makularni-degeneraci-ale-dnes-uz-vidi-obema-ocima\/\" \/>\n<meta property=\"og:locale\" content=\"cs_CZ\" \/>\n<meta property=\"og:type\" content=\"article\" \/>\n<meta property=\"og:title\" content=\"Erika \u00fapln\u011b ztratila zrak na jedno oko kv\u016fli makul\u00e1rn\u00ed degeneraci, ale dnes u\u017e vid\u00ed ob\u011bma o\u010dima - Banned videos\" \/>\n<meta property=\"og:description\" content=\"P\u0159ed 11 lety m\u011bla Erika probl\u00e9m s o\u010dima. Byla ji diagnostikov\u00e1na makul\u00e1rn\u00ed degenerace. Na lev\u00e9 oko \u00fapln\u011b ztratila zrak a jej\u00ed prav\u00e9 oko se tak\u00e9 za\u010dalo zhor\u0161ovat. Injekce do o\u010dn\u00ed bulvy chv\u00edli pomohly, ale v dob\u011b, kdy uplynul \u0161estit\u00fddenn\u00ed interval mezi ob\u011bma injekcemi, bylo jej\u00ed vid\u011bn\u00ed v\u017edy znovu naru\u0161eno. \u0160la tedy k jin\u00e9mu \u0159e\u0161en\u00ed, kter\u00e9 [&hellip;]\" \/>\n<meta property=\"og:url\" content=\"https:\/\/bannedvideos.net\/cs\/erika-uplne-ztratila-zrak-na-jedno-oko-kvuli-makularni-degeneraci-ale-dnes-uz-vidi-obema-ocima\/\" \/>\n<meta property=\"og:site_name\" content=\"Banned videos\" \/>\n<meta property=\"article:published_time\" content=\"2025-01-04T09:29:26+00:00\" \/>\n<meta property=\"article:modified_time\" content=\"2025-01-04T09:58:57+00:00\" \/>\n<meta property=\"og:image\" content=\"https:\/\/bannedvideos.net\/wp-content\/uploads\/2025\/01\/1040325752.jpg\" \/>\n\t<meta property=\"og:image:width\" content=\"295\" \/>\n\t<meta property=\"og:image:height\" content=\"166\" \/>\n\t<meta property=\"og:image:type\" content=\"image\/jpeg\" \/>\n<meta name=\"author\" content=\"bannedvideos\" \/>\n<meta name=\"twitter:card\" content=\"summary_large_image\" \/>\n<meta name=\"twitter:label1\" content=\"Napsal(a)\" \/>\n\t<meta name=\"twitter:data1\" content=\"bannedvideos\" \/>\n<script type=\"application\/ld+json\" class=\"yoast-schema-graph\">{\"@context\":\"https:\/\/schema.org\",\"@graph\":[{\"@type\":\"ScholarlyArticle\",\"@id\":\"https:\/\/bannedvideos.net\/cs\/erika-uplne-ztratila-zrak-na-jedno-oko-kvuli-makularni-degeneraci-ale-dnes-uz-vidi-obema-ocima\/#article\",\"isPartOf\":{\"@id\":\"https:\/\/bannedvideos.net\/cs\/erika-uplne-ztratila-zrak-na-jedno-oko-kvuli-makularni-degeneraci-ale-dnes-uz-vidi-obema-ocima\/\"},\"author\":{\"name\":\"bannedvideos\",\"@id\":\"https:\/\/bannedvideos.net\/en\/#\/schema\/person\/6901bae47f89066856a9d2c7faa5ebd2\"},\"headline\":\"Erika \u00fapln\u011b ztratila zrak na jedno oko kv\u016fli makul\u00e1rn\u00ed degeneraci, ale dnes u\u017e vid\u00ed ob\u011bma o\u010dima\",\"datePublished\":\"2025-01-04T09:29:26+00:00\",\"dateModified\":\"2025-01-04T09:58:57+00:00\",\"mainEntityOfPage\":{\"@id\":\"https:\/\/bannedvideos.net\/cs\/erika-uplne-ztratila-zrak-na-jedno-oko-kvuli-makularni-degeneraci-ale-dnes-uz-vidi-obema-ocima\/\"},\"wordCount\":113,\"publisher\":{\"@id\":\"https:\/\/bannedvideos.net\/en\/#organization\"},\"image\":{\"@id\":\"https:\/\/bannedvideos.net\/cs\/erika-uplne-ztratila-zrak-na-jedno-oko-kvuli-makularni-degeneraci-ale-dnes-uz-vidi-obema-ocima\/#primaryimage\"},\"thumbnailUrl\":\"https:\/\/bannedvideos.net\/wp-content\/uploads\/2025\/01\/1040325752.jpg\",\"articleSection\":[\"Probl\u00e9my se zrakem a sluchem\"],\"inLanguage\":\"cs\"},{\"@type\":\"WebPage\",\"@id\":\"https:\/\/bannedvideos.net\/cs\/erika-uplne-ztratila-zrak-na-jedno-oko-kvuli-makularni-degeneraci-ale-dnes-uz-vidi-obema-ocima\/\",\"url\":\"https:\/\/bannedvideos.net\/cs\/erika-uplne-ztratila-zrak-na-jedno-oko-kvuli-makularni-degeneraci-ale-dnes-uz-vidi-obema-ocima\/\",\"name\":\"Erika \u00fapln\u011b ztratila zrak na jedno oko kv\u016fli makul\u00e1rn\u00ed degeneraci, ale dnes u\u017e vid\u00ed ob\u011bma o\u010dima - Banned videos\",\"isPartOf\":{\"@id\":\"https:\/\/bannedvideos.net\/en\/#website\"},\"primaryImageOfPage\":{\"@id\":\"https:\/\/bannedvideos.net\/cs\/erika-uplne-ztratila-zrak-na-jedno-oko-kvuli-makularni-degeneraci-ale-dnes-uz-vidi-obema-ocima\/#primaryimage\"},\"image\":{\"@id\":\"https:\/\/bannedvideos.net\/cs\/erika-uplne-ztratila-zrak-na-jedno-oko-kvuli-makularni-degeneraci-ale-dnes-uz-vidi-obema-ocima\/#primaryimage\"},\"thumbnailUrl\":\"https:\/\/bannedvideos.net\/wp-content\/uploads\/2025\/01\/1040325752.jpg\",\"datePublished\":\"2025-01-04T09:29:26+00:00\",\"dateModified\":\"2025-01-04T09:58:57+00:00\",\"breadcrumb\":{\"@id\":\"https:\/\/bannedvideos.net\/cs\/erika-uplne-ztratila-zrak-na-jedno-oko-kvuli-makularni-degeneraci-ale-dnes-uz-vidi-obema-ocima\/#breadcrumb\"},\"inLanguage\":\"cs\",\"potentialAction\":[{\"@type\":\"ReadAction\",\"target\":[\"https:\/\/bannedvideos.net\/cs\/erika-uplne-ztratila-zrak-na-jedno-oko-kvuli-makularni-degeneraci-ale-dnes-uz-vidi-obema-ocima\/\"]}]},{\"@type\":\"ImageObject\",\"inLanguage\":\"cs\",\"@id\":\"https:\/\/bannedvideos.net\/cs\/erika-uplne-ztratila-zrak-na-jedno-oko-kvuli-makularni-degeneraci-ale-dnes-uz-vidi-obema-ocima\/#primaryimage\",\"url\":\"https:\/\/bannedvideos.net\/wp-content\/uploads\/2025\/01\/1040325752.jpg\",\"contentUrl\":\"https:\/\/bannedvideos.net\/wp-content\/uploads\/2025\/01\/1040325752.jpg\",\"width\":295,\"height\":166},{\"@type\":\"BreadcrumbList\",\"@id\":\"https:\/\/bannedvideos.net\/cs\/erika-uplne-ztratila-zrak-na-jedno-oko-kvuli-makularni-degeneraci-ale-dnes-uz-vidi-obema-ocima\/#breadcrumb\",\"itemListElement\":[{\"@type\":\"ListItem\",\"position\":1,\"name\":\"Home\",\"item\":\"https:\/\/bannedvideos.net\/cs\/\"},{\"@type\":\"ListItem\",\"position\":2,\"name\":\"Erika \u00fapln\u011b ztratila zrak na jedno oko kv\u016fli makul\u00e1rn\u00ed degeneraci, ale dnes u\u017e vid\u00ed ob\u011bma o\u010dima\"}]},{\"@type\":\"WebSite\",\"@id\":\"https:\/\/bannedvideos.net\/en\/#website\",\"url\":\"https:\/\/bannedvideos.net\/en\/\",\"name\":\"Banned videos\",\"description\":\"\",\"publisher\":{\"@id\":\"https:\/\/bannedvideos.net\/en\/#organization\"},\"potentialAction\":[{\"@type\":\"SearchAction\",\"target\":{\"@type\":\"EntryPoint\",\"urlTemplate\":\"https:\/\/bannedvideos.net\/en\/?s={search_term_string}\"},\"query-input\":{\"@type\":\"PropertyValueSpecification\",\"valueRequired\":true,\"valueName\":\"search_term_string\"}}],\"inLanguage\":\"cs\"},{\"@type\":\"Organization\",\"@id\":\"https:\/\/bannedvideos.net\/en\/#organization\",\"name\":\"Banned videos\",\"url\":\"https:\/\/bannedvideos.net\/en\/\",\"logo\":{\"@type\":\"ImageObject\",\"inLanguage\":\"cs\",\"@id\":\"https:\/\/bannedvideos.net\/en\/#\/schema\/logo\/image\/\",\"url\":\"https:\/\/bannedvideos.net\/wp-content\/uploads\/2022\/07\/logo.png\",\"contentUrl\":\"https:\/\/bannedvideos.net\/wp-content\/uploads\/2022\/07\/logo.png\",\"width\":1496,\"height\":1441,\"caption\":\"Banned videos\"},\"image\":{\"@id\":\"https:\/\/bannedvideos.net\/en\/#\/schema\/logo\/image\/\"}},{\"@type\":\"Person\",\"@id\":\"https:\/\/bannedvideos.net\/en\/#\/schema\/person\/6901bae47f89066856a9d2c7faa5ebd2\",\"name\":\"bannedvideos\",\"image\":{\"@type\":\"ImageObject\",\"inLanguage\":\"cs\",\"@id\":\"https:\/\/bannedvideos.net\/en\/#\/schema\/person\/image\/\",\"url\":\"https:\/\/secure.gravatar.com\/avatar\/1f862b55a0861f605d25254d402b1f68536d9e9d320d9e14040debcefacf6342?s=96&d=mm&r=g\",\"contentUrl\":\"https:\/\/secure.gravatar.com\/avatar\/1f862b55a0861f605d25254d402b1f68536d9e9d320d9e14040debcefacf6342?s=96&d=mm&r=g\",\"caption\":\"bannedvideos\"}}]}<\/script>\n<!-- \/ Yoast SEO plugin. -->","yoast_head_json":{"title":"Erika \u00fapln\u011b ztratila zrak na jedno oko kv\u016fli makul\u00e1rn\u00ed degeneraci, ale dnes u\u017e vid\u00ed ob\u011bma o\u010dima - Banned videos","robots":{"index":"index","follow":"follow","max-snippet":"max-snippet:-1","max-image-preview":"max-image-preview:large","max-video-preview":"max-video-preview:-1"},"canonical":"https:\/\/bannedvideos.net\/cs\/erika-uplne-ztratila-zrak-na-jedno-oko-kvuli-makularni-degeneraci-ale-dnes-uz-vidi-obema-ocima\/","og_locale":"cs_CZ","og_type":"article","og_title":"Erika \u00fapln\u011b ztratila zrak na jedno oko kv\u016fli makul\u00e1rn\u00ed degeneraci, ale dnes u\u017e vid\u00ed ob\u011bma o\u010dima - Banned videos","og_description":"P\u0159ed 11 lety m\u011bla Erika probl\u00e9m s o\u010dima. Byla ji diagnostikov\u00e1na makul\u00e1rn\u00ed degenerace. Na lev\u00e9 oko \u00fapln\u011b ztratila zrak a jej\u00ed prav\u00e9 oko se tak\u00e9 za\u010dalo zhor\u0161ovat. Injekce do o\u010dn\u00ed bulvy chv\u00edli pomohly, ale v dob\u011b, kdy uplynul \u0161estit\u00fddenn\u00ed interval mezi ob\u011bma injekcemi, bylo jej\u00ed vid\u011bn\u00ed v\u017edy znovu naru\u0161eno. \u0160la tedy k jin\u00e9mu \u0159e\u0161en\u00ed, kter\u00e9 [&hellip;]","og_url":"https:\/\/bannedvideos.net\/cs\/erika-uplne-ztratila-zrak-na-jedno-oko-kvuli-makularni-degeneraci-ale-dnes-uz-vidi-obema-ocima\/","og_site_name":"Banned videos","article_published_time":"2025-01-04T09:29:26+00:00","article_modified_time":"2025-01-04T09:58:57+00:00","og_image":[{"width":295,"height":166,"url":"https:\/\/bannedvideos.net\/wp-content\/uploads\/2025\/01\/1040325752.jpg","type":"image\/jpeg"}],"author":"bannedvideos","twitter_card":"summary_large_image","twitter_misc":{"Napsal(a)":"bannedvideos"},"schema":{"@context":"https:\/\/schema.org","@graph":[{"@type":"ScholarlyArticle","@id":"https:\/\/bannedvideos.net\/cs\/erika-uplne-ztratila-zrak-na-jedno-oko-kvuli-makularni-degeneraci-ale-dnes-uz-vidi-obema-ocima\/#article","isPartOf":{"@id":"https:\/\/bannedvideos.net\/cs\/erika-uplne-ztratila-zrak-na-jedno-oko-kvuli-makularni-degeneraci-ale-dnes-uz-vidi-obema-ocima\/"},"author":{"name":"bannedvideos","@id":"https:\/\/bannedvideos.net\/en\/#\/schema\/person\/6901bae47f89066856a9d2c7faa5ebd2"},"headline":"Erika \u00fapln\u011b ztratila zrak na jedno oko kv\u016fli makul\u00e1rn\u00ed degeneraci, ale dnes u\u017e vid\u00ed ob\u011bma o\u010dima","datePublished":"2025-01-04T09:29:26+00:00","dateModified":"2025-01-04T09:58:57+00:00","mainEntityOfPage":{"@id":"https:\/\/bannedvideos.net\/cs\/erika-uplne-ztratila-zrak-na-jedno-oko-kvuli-makularni-degeneraci-ale-dnes-uz-vidi-obema-ocima\/"},"wordCount":113,"publisher":{"@id":"https:\/\/bannedvideos.net\/en\/#organization"},"image":{"@id":"https:\/\/bannedvideos.net\/cs\/erika-uplne-ztratila-zrak-na-jedno-oko-kvuli-makularni-degeneraci-ale-dnes-uz-vidi-obema-ocima\/#primaryimage"},"thumbnailUrl":"https:\/\/bannedvideos.net\/wp-content\/uploads\/2025\/01\/1040325752.jpg","articleSection":["Probl\u00e9my se zrakem a sluchem"],"inLanguage":"cs"},{"@type":"WebPage","@id":"https:\/\/bannedvideos.net\/cs\/erika-uplne-ztratila-zrak-na-jedno-oko-kvuli-makularni-degeneraci-ale-dnes-uz-vidi-obema-ocima\/","url":"https:\/\/bannedvideos.net\/cs\/erika-uplne-ztratila-zrak-na-jedno-oko-kvuli-makularni-degeneraci-ale-dnes-uz-vidi-obema-ocima\/","name":"Erika \u00fapln\u011b ztratila zrak na jedno oko kv\u016fli makul\u00e1rn\u00ed degeneraci, ale dnes u\u017e vid\u00ed ob\u011bma o\u010dima - Banned videos","isPartOf":{"@id":"https:\/\/bannedvideos.net\/en\/#website"},"primaryImageOfPage":{"@id":"https:\/\/bannedvideos.net\/cs\/erika-uplne-ztratila-zrak-na-jedno-oko-kvuli-makularni-degeneraci-ale-dnes-uz-vidi-obema-ocima\/#primaryimage"},"image":{"@id":"https:\/\/bannedvideos.net\/cs\/erika-uplne-ztratila-zrak-na-jedno-oko-kvuli-makularni-degeneraci-ale-dnes-uz-vidi-obema-ocima\/#primaryimage"},"thumbnailUrl":"https:\/\/bannedvideos.net\/wp-content\/uploads\/2025\/01\/1040325752.jpg","datePublished":"2025-01-04T09:29:26+00:00","dateModified":"2025-01-04T09:58:57+00:00","breadcrumb":{"@id":"https:\/\/bannedvideos.net\/cs\/erika-uplne-ztratila-zrak-na-jedno-oko-kvuli-makularni-degeneraci-ale-dnes-uz-vidi-obema-ocima\/#breadcrumb"},"inLanguage":"cs","potentialAction":[{"@type":"ReadAction","target":["https:\/\/bannedvideos.net\/cs\/erika-uplne-ztratila-zrak-na-jedno-oko-kvuli-makularni-degeneraci-ale-dnes-uz-vidi-obema-ocima\/"]}]},{"@type":"ImageObject","inLanguage":"cs","@id":"https:\/\/bannedvideos.net\/cs\/erika-uplne-ztratila-zrak-na-jedno-oko-kvuli-makularni-degeneraci-ale-dnes-uz-vidi-obema-ocima\/#primaryimage","url":"https:\/\/bannedvideos.net\/wp-content\/uploads\/2025\/01\/1040325752.jpg","contentUrl":"https:\/\/bannedvideos.net\/wp-content\/uploads\/2025\/01\/1040325752.jpg","width":295,"height":166},{"@type":"BreadcrumbList","@id":"https:\/\/bannedvideos.net\/cs\/erika-uplne-ztratila-zrak-na-jedno-oko-kvuli-makularni-degeneraci-ale-dnes-uz-vidi-obema-ocima\/#breadcrumb","itemListElement":[{"@type":"ListItem","position":1,"name":"Home","item":"https:\/\/bannedvideos.net\/cs\/"},{"@type":"ListItem","position":2,"name":"Erika \u00fapln\u011b ztratila zrak na jedno oko kv\u016fli makul\u00e1rn\u00ed degeneraci, ale dnes u\u017e vid\u00ed ob\u011bma o\u010dima"}]},{"@type":"WebSite","@id":"https:\/\/bannedvideos.net\/en\/#website","url":"https:\/\/bannedvideos.net\/en\/","name":"Banned videos","description":"","publisher":{"@id":"https:\/\/bannedvideos.net\/en\/#organization"},"potentialAction":[{"@type":"SearchAction","target":{"@type":"EntryPoint","urlTemplate":"https:\/\/bannedvideos.net\/en\/?s={search_term_string}"},"query-input":{"@type":"PropertyValueSpecification","valueRequired":true,"valueName":"search_term_string"}}],"inLanguage":"cs"},{"@type":"Organization","@id":"https:\/\/bannedvideos.net\/en\/#organization","name":"Banned videos","url":"https:\/\/bannedvideos.net\/en\/","logo":{"@type":"ImageObject","inLanguage":"cs","@id":"https:\/\/bannedvideos.net\/en\/#\/schema\/logo\/image\/","url":"https:\/\/bannedvideos.net\/wp-content\/uploads\/2022\/07\/logo.png","contentUrl":"https:\/\/bannedvideos.net\/wp-content\/uploads\/2022\/07\/logo.png","width":1496,"height":1441,"caption":"Banned videos"},"image":{"@id":"https:\/\/bannedvideos.net\/en\/#\/schema\/logo\/image\/"}},{"@type":"Person","@id":"https:\/\/bannedvideos.net\/en\/#\/schema\/person\/6901bae47f89066856a9d2c7faa5ebd2","name":"bannedvideos","image":{"@type":"ImageObject","inLanguage":"cs","@id":"https:\/\/bannedvideos.net\/en\/#\/schema\/person\/image\/","url":"https:\/\/secure.gravatar.com\/avatar\/1f862b55a0861f605d25254d402b1f68536d9e9d320d9e14040debcefacf6342?s=96&d=mm&r=g","contentUrl":"https:\/\/secure.gravatar.com\/avatar\/1f862b55a0861f605d25254d402b1f68536d9e9d320d9e14040debcefacf6342?s=96&d=mm&r=g","caption":"bannedvideos"}}]}},"_links":{"self":[{"href":"https:\/\/bannedvideos.net\/cs\/wp-json\/wp\/v2\/posts\/119198","targetHints":{"allow":["GET"]}}],"collection":[{"href":"https:\/\/bannedvideos.net\/cs\/wp-json\/wp\/v2\/posts"}],"about":[{"href":"https:\/\/bannedvideos.net\/cs\/wp-json\/wp\/v2\/types\/post"}],"author":[{"embeddable":true,"href":"https:\/\/bannedvideos.net\/cs\/wp-json\/wp\/v2\/users\/4"}],"replies":[{"embeddable":true,"href":"https:\/\/bannedvideos.net\/cs\/wp-json\/wp\/v2\/comments?post=119198"}],"version-history":[{"count":0,"href":"https:\/\/bannedvideos.net\/cs\/wp-json\/wp\/v2\/posts\/119198\/revisions"}],"wp:featuredmedia":[{"embeddable":true,"href":"https:\/\/bannedvideos.net\/cs\/wp-json\/wp\/v2\/media\/119199"}],"wp:attachment":[{"href":"https:\/\/bannedvideos.net\/cs\/wp-json\/wp\/v2\/media?parent=119198"}],"wp:term":[{"taxonomy":"category","embeddable":true,"href":"https:\/\/bannedvideos.net\/cs\/wp-json\/wp\/v2\/categories?post=119198"},{"taxonomy":"post_tag","embeddable":true,"href":"https:\/\/bannedvideos.net\/cs\/wp-json\/wp\/v2\/tags?post=119198"}],"curies":[{"name":"wp","href":"https:\/\/api.w.org\/{rel}","templated":true}]}}