{"id":95565,"date":"2022-07-04T17:00:31","date_gmt":"2022-07-04T15:00:31","guid":{"rendered":"https:\/\/bannedvideos.net\/chlapec-s-neurologickou-retardaci-se-zacal-vyvijet\/"},"modified":"2023-10-24T00:13:22","modified_gmt":"2023-10-23T22:13:22","slug":"chlapec-s-neurologickou-retardaci-se-zacal-vyvijet","status":"publish","type":"post","link":"https:\/\/bannedvideos.net\/cs\/chlapec-s-neurologickou-retardaci-se-zacal-vyvijet\/","title":{"rendered":"Chlapec s neurologickou retardac\u00ed se za\u010dal vyv\u00edjet"},"content":{"rendered":"<p>Benjam\u00edn se narodil v osm\u00e9m m\u011bs\u00edci, ve stavu nedostatku kysl\u00edku. Byla mu diagnostikov\u00e1na d\u011btsk\u00e1 mozkov\u00e1 obrna, co\u017e znamen\u00e1, \u017ee  nespr\u00e1vn\u011b se vyv\u00edjej\u00edc\u00ed nervov\u00fd syst\u00e9m m\u00e1 za n\u00e1sledek poruchu pohyblivosti. Podle tehdej\u0161\u00ed min\u011bn\u00ed l\u00e9ka\u0159\u016f chlapec nikdy nebude chodit. U\u017e\u00edv\u00e1n\u00edm produktu rodi\u010de pozorovali, \u017ee chlapcova nervov\u00e1 soustava za\u010dala vyv\u00edjet. Za\u010dala vyv\u00edjet is motorick\u00e1 funkce jeho t\u011bla. Benjamin nyni s pot\u011b\u0161en\u00edm plave a houpe se, a j\u00ed s dobrou chut\u00ed, co\u017e bylo tak\u00e9 neobvykl\u00e9. Za\u010dal tak\u00e9 komunikovat gesty.<\/p>\n","protected":false},"excerpt":{"rendered":"<p>Benjam\u00edn se narodil v osm\u00e9m m\u011bs\u00edci, ve stavu nedostatku kysl\u00edku. Byla mu diagnostikov\u00e1na d\u011btsk\u00e1 mozkov\u00e1 obrna, co\u017e znamen\u00e1, \u017ee nespr\u00e1vn\u011b se vyv\u00edjej\u00edc\u00ed nervov\u00fd syst\u00e9m m\u00e1 za n\u00e1sledek poruchu pohyblivosti. Podle tehdej\u0161\u00ed min\u011bn\u00ed l\u00e9ka\u0159\u016f chlapec nikdy nebude chodit. U\u017e\u00edv\u00e1n\u00edm produktu rodi\u010de pozorovali, \u017ee chlapcova nervov\u00e1 soustava za\u010dala vyv\u00edjet. Za\u010dala vyv\u00edjet is motorick\u00e1 funkce jeho t\u011bla. Benjamin [&hellip;]<\/p>\n","protected":false},"author":4,"featured_media":95566,"comment_status":"closed","ping_status":"closed","sticky":false,"template":"","format":"video","meta":{"footnotes":""},"categories":[999,1153],"tags":[],"class_list":{"0":"post-95565","1":"post","2":"type-post","3":"status-publish","4":"format-video","5":"has-post-thumbnail","7":"category-nervovy-system","8":"category-vyvojova-porucha","9":"post_format-post-format-video"},"yoast_head":"<!-- This site is optimized with the Yoast SEO plugin v26.4 - https:\/\/yoast.com\/wordpress\/plugins\/seo\/ -->\n<title>Chlapec s neurologickou retardac\u00ed se za\u010dal vyv\u00edjet - Banned videos<\/title>\n<meta name=\"robots\" content=\"index, follow, max-snippet:-1, max-image-preview:large, max-video-preview:-1\" \/>\n<link rel=\"canonical\" href=\"https:\/\/bannedvideos.net\/cs\/chlapec-s-neurologickou-retardaci-se-zacal-vyvijet\/\" \/>\n<meta property=\"og:locale\" content=\"cs_CZ\" \/>\n<meta property=\"og:type\" content=\"article\" \/>\n<meta property=\"og:title\" content=\"Chlapec s neurologickou retardac\u00ed se za\u010dal vyv\u00edjet - Banned videos\" \/>\n<meta property=\"og:description\" content=\"Benjam\u00edn se narodil v osm\u00e9m m\u011bs\u00edci, ve stavu nedostatku kysl\u00edku. Byla mu diagnostikov\u00e1na d\u011btsk\u00e1 mozkov\u00e1 obrna, co\u017e znamen\u00e1, \u017ee nespr\u00e1vn\u011b se vyv\u00edjej\u00edc\u00ed nervov\u00fd syst\u00e9m m\u00e1 za n\u00e1sledek poruchu pohyblivosti. Podle tehdej\u0161\u00ed min\u011bn\u00ed l\u00e9ka\u0159\u016f chlapec nikdy nebude chodit. U\u017e\u00edv\u00e1n\u00edm produktu rodi\u010de pozorovali, \u017ee chlapcova nervov\u00e1 soustava za\u010dala vyv\u00edjet. Za\u010dala vyv\u00edjet is motorick\u00e1 funkce jeho t\u011bla. Benjamin [&hellip;]\" \/>\n<meta property=\"og:url\" content=\"https:\/\/bannedvideos.net\/cs\/chlapec-s-neurologickou-retardaci-se-zacal-vyvijet\/\" \/>\n<meta property=\"og:site_name\" content=\"Banned videos\" \/>\n<meta property=\"article:published_time\" content=\"2022-07-04T15:00:31+00:00\" \/>\n<meta property=\"article:modified_time\" content=\"2023-10-23T22:13:22+00:00\" \/>\n<meta property=\"og:image\" content=\"https:\/\/bannedvideos.net\/wp-content\/uploads\/2023\/10\/861643233.jpg\" \/>\n\t<meta property=\"og:image:width\" content=\"295\" \/>\n\t<meta property=\"og:image:height\" content=\"166\" \/>\n\t<meta property=\"og:image:type\" content=\"image\/jpeg\" \/>\n<meta name=\"author\" content=\"bannedvideos\" \/>\n<meta name=\"twitter:card\" content=\"summary_large_image\" \/>\n<meta name=\"twitter:label1\" content=\"Napsal(a)\" \/>\n\t<meta name=\"twitter:data1\" content=\"bannedvideos\" \/>\n\t<meta name=\"twitter:label2\" content=\"Odhadovan\u00e1 doba \u010dten\u00ed\" \/>\n\t<meta name=\"twitter:data2\" content=\"1 minuta\" \/>\n<script type=\"application\/ld+json\" class=\"yoast-schema-graph\">{\"@context\":\"https:\/\/schema.org\",\"@graph\":[{\"@type\":\"ScholarlyArticle\",\"@id\":\"https:\/\/bannedvideos.net\/cs\/chlapec-s-neurologickou-retardaci-se-zacal-vyvijet\/#article\",\"isPartOf\":{\"@id\":\"https:\/\/bannedvideos.net\/cs\/chlapec-s-neurologickou-retardaci-se-zacal-vyvijet\/\"},\"author\":{\"name\":\"bannedvideos\",\"@id\":\"https:\/\/bannedvideos.net\/en\/#\/schema\/person\/6901bae47f89066856a9d2c7faa5ebd2\"},\"headline\":\"Chlapec s neurologickou retardac\u00ed se za\u010dal vyv\u00edjet\",\"datePublished\":\"2022-07-04T15:00:31+00:00\",\"dateModified\":\"2023-10-23T22:13:22+00:00\",\"mainEntityOfPage\":{\"@id\":\"https:\/\/bannedvideos.net\/cs\/chlapec-s-neurologickou-retardaci-se-zacal-vyvijet\/\"},\"wordCount\":110,\"publisher\":{\"@id\":\"https:\/\/bannedvideos.net\/en\/#organization\"},\"image\":{\"@id\":\"https:\/\/bannedvideos.net\/cs\/chlapec-s-neurologickou-retardaci-se-zacal-vyvijet\/#primaryimage\"},\"thumbnailUrl\":\"https:\/\/bannedvideos.net\/wp-content\/uploads\/2023\/10\/861643233.jpg\",\"articleSection\":[\"Nervov\u00fd syst\u00e9m\",\"V\u00fdvojov\u00e1 porucha\"],\"inLanguage\":\"cs\"},{\"@type\":\"WebPage\",\"@id\":\"https:\/\/bannedvideos.net\/cs\/chlapec-s-neurologickou-retardaci-se-zacal-vyvijet\/\",\"url\":\"https:\/\/bannedvideos.net\/cs\/chlapec-s-neurologickou-retardaci-se-zacal-vyvijet\/\",\"name\":\"Chlapec s neurologickou retardac\u00ed se za\u010dal vyv\u00edjet - Banned videos\",\"isPartOf\":{\"@id\":\"https:\/\/bannedvideos.net\/en\/#website\"},\"primaryImageOfPage\":{\"@id\":\"https:\/\/bannedvideos.net\/cs\/chlapec-s-neurologickou-retardaci-se-zacal-vyvijet\/#primaryimage\"},\"image\":{\"@id\":\"https:\/\/bannedvideos.net\/cs\/chlapec-s-neurologickou-retardaci-se-zacal-vyvijet\/#primaryimage\"},\"thumbnailUrl\":\"https:\/\/bannedvideos.net\/wp-content\/uploads\/2023\/10\/861643233.jpg\",\"datePublished\":\"2022-07-04T15:00:31+00:00\",\"dateModified\":\"2023-10-23T22:13:22+00:00\",\"breadcrumb\":{\"@id\":\"https:\/\/bannedvideos.net\/cs\/chlapec-s-neurologickou-retardaci-se-zacal-vyvijet\/#breadcrumb\"},\"inLanguage\":\"cs\",\"potentialAction\":[{\"@type\":\"ReadAction\",\"target\":[\"https:\/\/bannedvideos.net\/cs\/chlapec-s-neurologickou-retardaci-se-zacal-vyvijet\/\"]}]},{\"@type\":\"ImageObject\",\"inLanguage\":\"cs\",\"@id\":\"https:\/\/bannedvideos.net\/cs\/chlapec-s-neurologickou-retardaci-se-zacal-vyvijet\/#primaryimage\",\"url\":\"https:\/\/bannedvideos.net\/wp-content\/uploads\/2023\/10\/861643233.jpg\",\"contentUrl\":\"https:\/\/bannedvideos.net\/wp-content\/uploads\/2023\/10\/861643233.jpg\",\"width\":295,\"height\":166},{\"@type\":\"BreadcrumbList\",\"@id\":\"https:\/\/bannedvideos.net\/cs\/chlapec-s-neurologickou-retardaci-se-zacal-vyvijet\/#breadcrumb\",\"itemListElement\":[{\"@type\":\"ListItem\",\"position\":1,\"name\":\"Home\",\"item\":\"https:\/\/bannedvideos.net\/cs\/\"},{\"@type\":\"ListItem\",\"position\":2,\"name\":\"Chlapec s neurologickou retardac\u00ed se za\u010dal vyv\u00edjet\"}]},{\"@type\":\"WebSite\",\"@id\":\"https:\/\/bannedvideos.net\/en\/#website\",\"url\":\"https:\/\/bannedvideos.net\/en\/\",\"name\":\"Banned videos\",\"description\":\"\",\"publisher\":{\"@id\":\"https:\/\/bannedvideos.net\/en\/#organization\"},\"potentialAction\":[{\"@type\":\"SearchAction\",\"target\":{\"@type\":\"EntryPoint\",\"urlTemplate\":\"https:\/\/bannedvideos.net\/en\/?s={search_term_string}\"},\"query-input\":{\"@type\":\"PropertyValueSpecification\",\"valueRequired\":true,\"valueName\":\"search_term_string\"}}],\"inLanguage\":\"cs\"},{\"@type\":\"Organization\",\"@id\":\"https:\/\/bannedvideos.net\/en\/#organization\",\"name\":\"Banned videos\",\"url\":\"https:\/\/bannedvideos.net\/en\/\",\"logo\":{\"@type\":\"ImageObject\",\"inLanguage\":\"cs\",\"@id\":\"https:\/\/bannedvideos.net\/en\/#\/schema\/logo\/image\/\",\"url\":\"https:\/\/bannedvideos.net\/wp-content\/uploads\/2022\/07\/logo.png\",\"contentUrl\":\"https:\/\/bannedvideos.net\/wp-content\/uploads\/2022\/07\/logo.png\",\"width\":1496,\"height\":1441,\"caption\":\"Banned videos\"},\"image\":{\"@id\":\"https:\/\/bannedvideos.net\/en\/#\/schema\/logo\/image\/\"}},{\"@type\":\"Person\",\"@id\":\"https:\/\/bannedvideos.net\/en\/#\/schema\/person\/6901bae47f89066856a9d2c7faa5ebd2\",\"name\":\"bannedvideos\",\"image\":{\"@type\":\"ImageObject\",\"inLanguage\":\"cs\",\"@id\":\"https:\/\/bannedvideos.net\/en\/#\/schema\/person\/image\/\",\"url\":\"https:\/\/secure.gravatar.com\/avatar\/1f862b55a0861f605d25254d402b1f68536d9e9d320d9e14040debcefacf6342?s=96&d=mm&r=g\",\"contentUrl\":\"https:\/\/secure.gravatar.com\/avatar\/1f862b55a0861f605d25254d402b1f68536d9e9d320d9e14040debcefacf6342?s=96&d=mm&r=g\",\"caption\":\"bannedvideos\"}}]}<\/script>\n<!-- \/ Yoast SEO plugin. -->","yoast_head_json":{"title":"Chlapec s neurologickou retardac\u00ed se za\u010dal vyv\u00edjet - Banned videos","robots":{"index":"index","follow":"follow","max-snippet":"max-snippet:-1","max-image-preview":"max-image-preview:large","max-video-preview":"max-video-preview:-1"},"canonical":"https:\/\/bannedvideos.net\/cs\/chlapec-s-neurologickou-retardaci-se-zacal-vyvijet\/","og_locale":"cs_CZ","og_type":"article","og_title":"Chlapec s neurologickou retardac\u00ed se za\u010dal vyv\u00edjet - Banned videos","og_description":"Benjam\u00edn se narodil v osm\u00e9m m\u011bs\u00edci, ve stavu nedostatku kysl\u00edku. Byla mu diagnostikov\u00e1na d\u011btsk\u00e1 mozkov\u00e1 obrna, co\u017e znamen\u00e1, \u017ee nespr\u00e1vn\u011b se vyv\u00edjej\u00edc\u00ed nervov\u00fd syst\u00e9m m\u00e1 za n\u00e1sledek poruchu pohyblivosti. Podle tehdej\u0161\u00ed min\u011bn\u00ed l\u00e9ka\u0159\u016f chlapec nikdy nebude chodit. U\u017e\u00edv\u00e1n\u00edm produktu rodi\u010de pozorovali, \u017ee chlapcova nervov\u00e1 soustava za\u010dala vyv\u00edjet. Za\u010dala vyv\u00edjet is motorick\u00e1 funkce jeho t\u011bla. Benjamin [&hellip;]","og_url":"https:\/\/bannedvideos.net\/cs\/chlapec-s-neurologickou-retardaci-se-zacal-vyvijet\/","og_site_name":"Banned videos","article_published_time":"2022-07-04T15:00:31+00:00","article_modified_time":"2023-10-23T22:13:22+00:00","og_image":[{"width":295,"height":166,"url":"https:\/\/bannedvideos.net\/wp-content\/uploads\/2023\/10\/861643233.jpg","type":"image\/jpeg"}],"author":"bannedvideos","twitter_card":"summary_large_image","twitter_misc":{"Napsal(a)":"bannedvideos","Odhadovan\u00e1 doba \u010dten\u00ed":"1 minuta"},"schema":{"@context":"https:\/\/schema.org","@graph":[{"@type":"ScholarlyArticle","@id":"https:\/\/bannedvideos.net\/cs\/chlapec-s-neurologickou-retardaci-se-zacal-vyvijet\/#article","isPartOf":{"@id":"https:\/\/bannedvideos.net\/cs\/chlapec-s-neurologickou-retardaci-se-zacal-vyvijet\/"},"author":{"name":"bannedvideos","@id":"https:\/\/bannedvideos.net\/en\/#\/schema\/person\/6901bae47f89066856a9d2c7faa5ebd2"},"headline":"Chlapec s neurologickou retardac\u00ed se za\u010dal vyv\u00edjet","datePublished":"2022-07-04T15:00:31+00:00","dateModified":"2023-10-23T22:13:22+00:00","mainEntityOfPage":{"@id":"https:\/\/bannedvideos.net\/cs\/chlapec-s-neurologickou-retardaci-se-zacal-vyvijet\/"},"wordCount":110,"publisher":{"@id":"https:\/\/bannedvideos.net\/en\/#organization"},"image":{"@id":"https:\/\/bannedvideos.net\/cs\/chlapec-s-neurologickou-retardaci-se-zacal-vyvijet\/#primaryimage"},"thumbnailUrl":"https:\/\/bannedvideos.net\/wp-content\/uploads\/2023\/10\/861643233.jpg","articleSection":["Nervov\u00fd syst\u00e9m","V\u00fdvojov\u00e1 porucha"],"inLanguage":"cs"},{"@type":"WebPage","@id":"https:\/\/bannedvideos.net\/cs\/chlapec-s-neurologickou-retardaci-se-zacal-vyvijet\/","url":"https:\/\/bannedvideos.net\/cs\/chlapec-s-neurologickou-retardaci-se-zacal-vyvijet\/","name":"Chlapec s neurologickou retardac\u00ed se za\u010dal vyv\u00edjet - Banned videos","isPartOf":{"@id":"https:\/\/bannedvideos.net\/en\/#website"},"primaryImageOfPage":{"@id":"https:\/\/bannedvideos.net\/cs\/chlapec-s-neurologickou-retardaci-se-zacal-vyvijet\/#primaryimage"},"image":{"@id":"https:\/\/bannedvideos.net\/cs\/chlapec-s-neurologickou-retardaci-se-zacal-vyvijet\/#primaryimage"},"thumbnailUrl":"https:\/\/bannedvideos.net\/wp-content\/uploads\/2023\/10\/861643233.jpg","datePublished":"2022-07-04T15:00:31+00:00","dateModified":"2023-10-23T22:13:22+00:00","breadcrumb":{"@id":"https:\/\/bannedvideos.net\/cs\/chlapec-s-neurologickou-retardaci-se-zacal-vyvijet\/#breadcrumb"},"inLanguage":"cs","potentialAction":[{"@type":"ReadAction","target":["https:\/\/bannedvideos.net\/cs\/chlapec-s-neurologickou-retardaci-se-zacal-vyvijet\/"]}]},{"@type":"ImageObject","inLanguage":"cs","@id":"https:\/\/bannedvideos.net\/cs\/chlapec-s-neurologickou-retardaci-se-zacal-vyvijet\/#primaryimage","url":"https:\/\/bannedvideos.net\/wp-content\/uploads\/2023\/10\/861643233.jpg","contentUrl":"https:\/\/bannedvideos.net\/wp-content\/uploads\/2023\/10\/861643233.jpg","width":295,"height":166},{"@type":"BreadcrumbList","@id":"https:\/\/bannedvideos.net\/cs\/chlapec-s-neurologickou-retardaci-se-zacal-vyvijet\/#breadcrumb","itemListElement":[{"@type":"ListItem","position":1,"name":"Home","item":"https:\/\/bannedvideos.net\/cs\/"},{"@type":"ListItem","position":2,"name":"Chlapec s neurologickou retardac\u00ed se za\u010dal vyv\u00edjet"}]},{"@type":"WebSite","@id":"https:\/\/bannedvideos.net\/en\/#website","url":"https:\/\/bannedvideos.net\/en\/","name":"Banned videos","description":"","publisher":{"@id":"https:\/\/bannedvideos.net\/en\/#organization"},"potentialAction":[{"@type":"SearchAction","target":{"@type":"EntryPoint","urlTemplate":"https:\/\/bannedvideos.net\/en\/?s={search_term_string}"},"query-input":{"@type":"PropertyValueSpecification","valueRequired":true,"valueName":"search_term_string"}}],"inLanguage":"cs"},{"@type":"Organization","@id":"https:\/\/bannedvideos.net\/en\/#organization","name":"Banned videos","url":"https:\/\/bannedvideos.net\/en\/","logo":{"@type":"ImageObject","inLanguage":"cs","@id":"https:\/\/bannedvideos.net\/en\/#\/schema\/logo\/image\/","url":"https:\/\/bannedvideos.net\/wp-content\/uploads\/2022\/07\/logo.png","contentUrl":"https:\/\/bannedvideos.net\/wp-content\/uploads\/2022\/07\/logo.png","width":1496,"height":1441,"caption":"Banned videos"},"image":{"@id":"https:\/\/bannedvideos.net\/en\/#\/schema\/logo\/image\/"}},{"@type":"Person","@id":"https:\/\/bannedvideos.net\/en\/#\/schema\/person\/6901bae47f89066856a9d2c7faa5ebd2","name":"bannedvideos","image":{"@type":"ImageObject","inLanguage":"cs","@id":"https:\/\/bannedvideos.net\/en\/#\/schema\/person\/image\/","url":"https:\/\/secure.gravatar.com\/avatar\/1f862b55a0861f605d25254d402b1f68536d9e9d320d9e14040debcefacf6342?s=96&d=mm&r=g","contentUrl":"https:\/\/secure.gravatar.com\/avatar\/1f862b55a0861f605d25254d402b1f68536d9e9d320d9e14040debcefacf6342?s=96&d=mm&r=g","caption":"bannedvideos"}}]}},"_links":{"self":[{"href":"https:\/\/bannedvideos.net\/cs\/wp-json\/wp\/v2\/posts\/95565","targetHints":{"allow":["GET"]}}],"collection":[{"href":"https:\/\/bannedvideos.net\/cs\/wp-json\/wp\/v2\/posts"}],"about":[{"href":"https:\/\/bannedvideos.net\/cs\/wp-json\/wp\/v2\/types\/post"}],"author":[{"embeddable":true,"href":"https:\/\/bannedvideos.net\/cs\/wp-json\/wp\/v2\/users\/4"}],"replies":[{"embeddable":true,"href":"https:\/\/bannedvideos.net\/cs\/wp-json\/wp\/v2\/comments?post=95565"}],"version-history":[{"count":0,"href":"https:\/\/bannedvideos.net\/cs\/wp-json\/wp\/v2\/posts\/95565\/revisions"}],"wp:featuredmedia":[{"embeddable":true,"href":"https:\/\/bannedvideos.net\/cs\/wp-json\/wp\/v2\/media\/95566"}],"wp:attachment":[{"href":"https:\/\/bannedvideos.net\/cs\/wp-json\/wp\/v2\/media?parent=95565"}],"wp:term":[{"taxonomy":"category","embeddable":true,"href":"https:\/\/bannedvideos.net\/cs\/wp-json\/wp\/v2\/categories?post=95565"},{"taxonomy":"post_tag","embeddable":true,"href":"https:\/\/bannedvideos.net\/cs\/wp-json\/wp\/v2\/tags?post=95565"}],"curies":[{"name":"wp","href":"https:\/\/api.w.org\/{rel}","templated":true}]}}