{"id":50776,"date":"2022-07-04T17:00:31","date_gmt":"2022-07-04T15:00:31","guid":{"rendered":"https:\/\/bannedvideos.net\/der-junge-der-mit-geistiger-behinderung-lebte-begann-eine-entwicklung-von-c-peptid-zu-zeigen\/"},"modified":"2023-03-07T20:16:12","modified_gmt":"2023-03-07T18:16:12","slug":"der-junge-der-mit-geistiger-behinderung-lebte-begann-eine-entwicklung-von-c-peptid-zu-zeigen","status":"publish","type":"post","link":"https:\/\/bannedvideos.net\/de\/der-junge-der-mit-geistiger-behinderung-lebte-begann-eine-entwicklung-von-c-peptid-zu-zeigen\/","title":{"rendered":"Der Junge, der mit geistiger Behinderung lebte, begann eine Entwicklung von C-Peptid zu zeigen"},"content":{"rendered":"<p>Benj\u00e1min wurde im Alter von 8 Monaten mit Geburtsasphyxie geboren. Bei ihm wurde eine Zerebralparese diagnostiziert, was bedeutet, dass er aufgrund eines Mangels in der Entwicklung seines Nervensystems an k\u00f6rperlichen Behinderungen leidet. Laut den \u00c4rzten wird der Junge nie mehr laufen k\u00f6nnen. Nachdem sie mit der Einnahme von C-Peptid begonnen hatten, bemerkten die Eltern, dass das Nervensystem des Jungen immer mehr Anzeichen einer Entwicklung zeigte, seine motorischen Funktionen verbesserten sich. Benj\u00e1min kann jetzt die Schaukel benutzen und sogar gl\u00fccklich schwimmen und sein Appetit ist viel besser, was fr\u00fcher ein Problem war. Er hat auch angefangen, durch Gesten zu kommunizieren.<\/p>\n","protected":false},"excerpt":{"rendered":"<p>Benj\u00e1min wurde im Alter von 8 Monaten mit Geburtsasphyxie geboren. Bei ihm wurde eine Zerebralparese diagnostiziert, was bedeutet, dass er aufgrund eines Mangels in der Entwicklung seines Nervensystems an k\u00f6rperlichen Behinderungen leidet. Laut den \u00c4rzten wird der Junge nie mehr laufen k\u00f6nnen. Nachdem sie mit der Einnahme von C-Peptid begonnen hatten, bemerkten die Eltern, dass [&hellip;]<\/p>\n","protected":false},"author":4,"featured_media":50777,"comment_status":"closed","ping_status":"closed","sticky":false,"template":"","format":"video","meta":{"footnotes":""},"categories":[606,150],"tags":[],"class_list":{"0":"post-50776","1":"post","2":"type-post","3":"status-publish","4":"format-video","5":"has-post-thumbnail","7":"category-entwicklungsstorungen","8":"category-nervensystem","9":"post_format-post-format-video"},"yoast_head":"<!-- This site is optimized with the Yoast SEO plugin v26.4 - https:\/\/yoast.com\/wordpress\/plugins\/seo\/ -->\n<title>Der Junge, der mit geistiger Behinderung lebte, begann eine Entwicklung von C-Peptid zu zeigen - Banned videos<\/title>\n<meta name=\"robots\" content=\"index, follow, max-snippet:-1, max-image-preview:large, max-video-preview:-1\" \/>\n<link rel=\"canonical\" href=\"https:\/\/bannedvideos.net\/de\/der-junge-der-mit-geistiger-behinderung-lebte-begann-eine-entwicklung-von-c-peptid-zu-zeigen\/\" \/>\n<meta property=\"og:locale\" content=\"de_DE\" \/>\n<meta property=\"og:type\" content=\"article\" \/>\n<meta property=\"og:title\" content=\"Der Junge, der mit geistiger Behinderung lebte, begann eine Entwicklung von C-Peptid zu zeigen - Banned videos\" \/>\n<meta property=\"og:description\" content=\"Benj\u00e1min wurde im Alter von 8 Monaten mit Geburtsasphyxie geboren. Bei ihm wurde eine Zerebralparese diagnostiziert, was bedeutet, dass er aufgrund eines Mangels in der Entwicklung seines Nervensystems an k\u00f6rperlichen Behinderungen leidet. Laut den \u00c4rzten wird der Junge nie mehr laufen k\u00f6nnen. Nachdem sie mit der Einnahme von C-Peptid begonnen hatten, bemerkten die Eltern, dass [&hellip;]\" \/>\n<meta property=\"og:url\" content=\"https:\/\/bannedvideos.net\/de\/der-junge-der-mit-geistiger-behinderung-lebte-begann-eine-entwicklung-von-c-peptid-zu-zeigen\/\" \/>\n<meta property=\"og:site_name\" content=\"Banned videos\" \/>\n<meta property=\"article:published_time\" content=\"2022-07-04T15:00:31+00:00\" \/>\n<meta property=\"article:modified_time\" content=\"2023-03-07T18:16:12+00:00\" \/>\n<meta property=\"og:image\" content=\"https:\/\/bannedvideos.net\/wp-content\/uploads\/2022\/07\/612525101.jpg\" \/>\n\t<meta property=\"og:image:width\" content=\"640\" \/>\n\t<meta property=\"og:image:height\" content=\"360\" \/>\n\t<meta property=\"og:image:type\" content=\"image\/jpeg\" \/>\n<meta name=\"author\" content=\"bannedvideos\" \/>\n<meta name=\"twitter:card\" content=\"summary_large_image\" \/>\n<meta name=\"twitter:label1\" content=\"Verfasst von\" \/>\n\t<meta name=\"twitter:data1\" content=\"bannedvideos\" \/>\n\t<meta name=\"twitter:label2\" content=\"Gesch\u00e4tzte Lesezeit\" \/>\n\t<meta name=\"twitter:data2\" content=\"1\u00a0Minute\" \/>\n<script type=\"application\/ld+json\" class=\"yoast-schema-graph\">{\"@context\":\"https:\/\/schema.org\",\"@graph\":[{\"@type\":\"ScholarlyArticle\",\"@id\":\"https:\/\/bannedvideos.net\/de\/der-junge-der-mit-geistiger-behinderung-lebte-begann-eine-entwicklung-von-c-peptid-zu-zeigen\/#article\",\"isPartOf\":{\"@id\":\"https:\/\/bannedvideos.net\/de\/der-junge-der-mit-geistiger-behinderung-lebte-begann-eine-entwicklung-von-c-peptid-zu-zeigen\/\"},\"author\":{\"name\":\"bannedvideos\",\"@id\":\"https:\/\/bannedvideos.net\/en\/#\/schema\/person\/6901bae47f89066856a9d2c7faa5ebd2\"},\"headline\":\"Der Junge, der mit geistiger Behinderung lebte, begann eine Entwicklung von C-Peptid zu zeigen\",\"datePublished\":\"2022-07-04T15:00:31+00:00\",\"dateModified\":\"2023-03-07T18:16:12+00:00\",\"mainEntityOfPage\":{\"@id\":\"https:\/\/bannedvideos.net\/de\/der-junge-der-mit-geistiger-behinderung-lebte-begann-eine-entwicklung-von-c-peptid-zu-zeigen\/\"},\"wordCount\":118,\"publisher\":{\"@id\":\"https:\/\/bannedvideos.net\/en\/#organization\"},\"image\":{\"@id\":\"https:\/\/bannedvideos.net\/de\/der-junge-der-mit-geistiger-behinderung-lebte-begann-eine-entwicklung-von-c-peptid-zu-zeigen\/#primaryimage\"},\"thumbnailUrl\":\"https:\/\/bannedvideos.net\/wp-content\/uploads\/2022\/07\/612525101.jpg\",\"articleSection\":[\"Entwicklungsst\u00f6rungen\",\"Nervensystem\"],\"inLanguage\":\"de\"},{\"@type\":\"WebPage\",\"@id\":\"https:\/\/bannedvideos.net\/de\/der-junge-der-mit-geistiger-behinderung-lebte-begann-eine-entwicklung-von-c-peptid-zu-zeigen\/\",\"url\":\"https:\/\/bannedvideos.net\/de\/der-junge-der-mit-geistiger-behinderung-lebte-begann-eine-entwicklung-von-c-peptid-zu-zeigen\/\",\"name\":\"Der Junge, der mit geistiger Behinderung lebte, begann eine Entwicklung von C-Peptid zu zeigen - Banned videos\",\"isPartOf\":{\"@id\":\"https:\/\/bannedvideos.net\/en\/#website\"},\"primaryImageOfPage\":{\"@id\":\"https:\/\/bannedvideos.net\/de\/der-junge-der-mit-geistiger-behinderung-lebte-begann-eine-entwicklung-von-c-peptid-zu-zeigen\/#primaryimage\"},\"image\":{\"@id\":\"https:\/\/bannedvideos.net\/de\/der-junge-der-mit-geistiger-behinderung-lebte-begann-eine-entwicklung-von-c-peptid-zu-zeigen\/#primaryimage\"},\"thumbnailUrl\":\"https:\/\/bannedvideos.net\/wp-content\/uploads\/2022\/07\/612525101.jpg\",\"datePublished\":\"2022-07-04T15:00:31+00:00\",\"dateModified\":\"2023-03-07T18:16:12+00:00\",\"breadcrumb\":{\"@id\":\"https:\/\/bannedvideos.net\/de\/der-junge-der-mit-geistiger-behinderung-lebte-begann-eine-entwicklung-von-c-peptid-zu-zeigen\/#breadcrumb\"},\"inLanguage\":\"de\",\"potentialAction\":[{\"@type\":\"ReadAction\",\"target\":[\"https:\/\/bannedvideos.net\/de\/der-junge-der-mit-geistiger-behinderung-lebte-begann-eine-entwicklung-von-c-peptid-zu-zeigen\/\"]}]},{\"@type\":\"ImageObject\",\"inLanguage\":\"de\",\"@id\":\"https:\/\/bannedvideos.net\/de\/der-junge-der-mit-geistiger-behinderung-lebte-begann-eine-entwicklung-von-c-peptid-zu-zeigen\/#primaryimage\",\"url\":\"https:\/\/bannedvideos.net\/wp-content\/uploads\/2022\/07\/612525101.jpg\",\"contentUrl\":\"https:\/\/bannedvideos.net\/wp-content\/uploads\/2022\/07\/612525101.jpg\",\"width\":640,\"height\":360},{\"@type\":\"BreadcrumbList\",\"@id\":\"https:\/\/bannedvideos.net\/de\/der-junge-der-mit-geistiger-behinderung-lebte-begann-eine-entwicklung-von-c-peptid-zu-zeigen\/#breadcrumb\",\"itemListElement\":[{\"@type\":\"ListItem\",\"position\":1,\"name\":\"Home\",\"item\":\"https:\/\/bannedvideos.net\/de\/\"},{\"@type\":\"ListItem\",\"position\":2,\"name\":\"Der Junge, der mit geistiger Behinderung lebte, begann eine Entwicklung von C-Peptid zu zeigen\"}]},{\"@type\":\"WebSite\",\"@id\":\"https:\/\/bannedvideos.net\/en\/#website\",\"url\":\"https:\/\/bannedvideos.net\/en\/\",\"name\":\"Banned videos\",\"description\":\"\",\"publisher\":{\"@id\":\"https:\/\/bannedvideos.net\/en\/#organization\"},\"potentialAction\":[{\"@type\":\"SearchAction\",\"target\":{\"@type\":\"EntryPoint\",\"urlTemplate\":\"https:\/\/bannedvideos.net\/en\/?s={search_term_string}\"},\"query-input\":{\"@type\":\"PropertyValueSpecification\",\"valueRequired\":true,\"valueName\":\"search_term_string\"}}],\"inLanguage\":\"de\"},{\"@type\":\"Organization\",\"@id\":\"https:\/\/bannedvideos.net\/en\/#organization\",\"name\":\"Banned videos\",\"url\":\"https:\/\/bannedvideos.net\/en\/\",\"logo\":{\"@type\":\"ImageObject\",\"inLanguage\":\"de\",\"@id\":\"https:\/\/bannedvideos.net\/en\/#\/schema\/logo\/image\/\",\"url\":\"https:\/\/bannedvideos.net\/wp-content\/uploads\/2022\/07\/logo.png\",\"contentUrl\":\"https:\/\/bannedvideos.net\/wp-content\/uploads\/2022\/07\/logo.png\",\"width\":1496,\"height\":1441,\"caption\":\"Banned videos\"},\"image\":{\"@id\":\"https:\/\/bannedvideos.net\/en\/#\/schema\/logo\/image\/\"}},{\"@type\":\"Person\",\"@id\":\"https:\/\/bannedvideos.net\/en\/#\/schema\/person\/6901bae47f89066856a9d2c7faa5ebd2\",\"name\":\"bannedvideos\",\"image\":{\"@type\":\"ImageObject\",\"inLanguage\":\"de\",\"@id\":\"https:\/\/bannedvideos.net\/en\/#\/schema\/person\/image\/\",\"url\":\"https:\/\/secure.gravatar.com\/avatar\/1f862b55a0861f605d25254d402b1f68536d9e9d320d9e14040debcefacf6342?s=96&d=mm&r=g\",\"contentUrl\":\"https:\/\/secure.gravatar.com\/avatar\/1f862b55a0861f605d25254d402b1f68536d9e9d320d9e14040debcefacf6342?s=96&d=mm&r=g\",\"caption\":\"bannedvideos\"}}]}<\/script>\n<!-- \/ Yoast SEO plugin. -->","yoast_head_json":{"title":"Der Junge, der mit geistiger Behinderung lebte, begann eine Entwicklung von C-Peptid zu zeigen - Banned videos","robots":{"index":"index","follow":"follow","max-snippet":"max-snippet:-1","max-image-preview":"max-image-preview:large","max-video-preview":"max-video-preview:-1"},"canonical":"https:\/\/bannedvideos.net\/de\/der-junge-der-mit-geistiger-behinderung-lebte-begann-eine-entwicklung-von-c-peptid-zu-zeigen\/","og_locale":"de_DE","og_type":"article","og_title":"Der Junge, der mit geistiger Behinderung lebte, begann eine Entwicklung von C-Peptid zu zeigen - Banned videos","og_description":"Benj\u00e1min wurde im Alter von 8 Monaten mit Geburtsasphyxie geboren. Bei ihm wurde eine Zerebralparese diagnostiziert, was bedeutet, dass er aufgrund eines Mangels in der Entwicklung seines Nervensystems an k\u00f6rperlichen Behinderungen leidet. Laut den \u00c4rzten wird der Junge nie mehr laufen k\u00f6nnen. Nachdem sie mit der Einnahme von C-Peptid begonnen hatten, bemerkten die Eltern, dass [&hellip;]","og_url":"https:\/\/bannedvideos.net\/de\/der-junge-der-mit-geistiger-behinderung-lebte-begann-eine-entwicklung-von-c-peptid-zu-zeigen\/","og_site_name":"Banned videos","article_published_time":"2022-07-04T15:00:31+00:00","article_modified_time":"2023-03-07T18:16:12+00:00","og_image":[{"width":640,"height":360,"url":"https:\/\/bannedvideos.net\/wp-content\/uploads\/2022\/07\/612525101.jpg","type":"image\/jpeg"}],"author":"bannedvideos","twitter_card":"summary_large_image","twitter_misc":{"Verfasst von":"bannedvideos","Gesch\u00e4tzte Lesezeit":"1\u00a0Minute"},"schema":{"@context":"https:\/\/schema.org","@graph":[{"@type":"ScholarlyArticle","@id":"https:\/\/bannedvideos.net\/de\/der-junge-der-mit-geistiger-behinderung-lebte-begann-eine-entwicklung-von-c-peptid-zu-zeigen\/#article","isPartOf":{"@id":"https:\/\/bannedvideos.net\/de\/der-junge-der-mit-geistiger-behinderung-lebte-begann-eine-entwicklung-von-c-peptid-zu-zeigen\/"},"author":{"name":"bannedvideos","@id":"https:\/\/bannedvideos.net\/en\/#\/schema\/person\/6901bae47f89066856a9d2c7faa5ebd2"},"headline":"Der Junge, der mit geistiger Behinderung lebte, begann eine Entwicklung von C-Peptid zu zeigen","datePublished":"2022-07-04T15:00:31+00:00","dateModified":"2023-03-07T18:16:12+00:00","mainEntityOfPage":{"@id":"https:\/\/bannedvideos.net\/de\/der-junge-der-mit-geistiger-behinderung-lebte-begann-eine-entwicklung-von-c-peptid-zu-zeigen\/"},"wordCount":118,"publisher":{"@id":"https:\/\/bannedvideos.net\/en\/#organization"},"image":{"@id":"https:\/\/bannedvideos.net\/de\/der-junge-der-mit-geistiger-behinderung-lebte-begann-eine-entwicklung-von-c-peptid-zu-zeigen\/#primaryimage"},"thumbnailUrl":"https:\/\/bannedvideos.net\/wp-content\/uploads\/2022\/07\/612525101.jpg","articleSection":["Entwicklungsst\u00f6rungen","Nervensystem"],"inLanguage":"de"},{"@type":"WebPage","@id":"https:\/\/bannedvideos.net\/de\/der-junge-der-mit-geistiger-behinderung-lebte-begann-eine-entwicklung-von-c-peptid-zu-zeigen\/","url":"https:\/\/bannedvideos.net\/de\/der-junge-der-mit-geistiger-behinderung-lebte-begann-eine-entwicklung-von-c-peptid-zu-zeigen\/","name":"Der Junge, der mit geistiger Behinderung lebte, begann eine Entwicklung von C-Peptid zu zeigen - Banned videos","isPartOf":{"@id":"https:\/\/bannedvideos.net\/en\/#website"},"primaryImageOfPage":{"@id":"https:\/\/bannedvideos.net\/de\/der-junge-der-mit-geistiger-behinderung-lebte-begann-eine-entwicklung-von-c-peptid-zu-zeigen\/#primaryimage"},"image":{"@id":"https:\/\/bannedvideos.net\/de\/der-junge-der-mit-geistiger-behinderung-lebte-begann-eine-entwicklung-von-c-peptid-zu-zeigen\/#primaryimage"},"thumbnailUrl":"https:\/\/bannedvideos.net\/wp-content\/uploads\/2022\/07\/612525101.jpg","datePublished":"2022-07-04T15:00:31+00:00","dateModified":"2023-03-07T18:16:12+00:00","breadcrumb":{"@id":"https:\/\/bannedvideos.net\/de\/der-junge-der-mit-geistiger-behinderung-lebte-begann-eine-entwicklung-von-c-peptid-zu-zeigen\/#breadcrumb"},"inLanguage":"de","potentialAction":[{"@type":"ReadAction","target":["https:\/\/bannedvideos.net\/de\/der-junge-der-mit-geistiger-behinderung-lebte-begann-eine-entwicklung-von-c-peptid-zu-zeigen\/"]}]},{"@type":"ImageObject","inLanguage":"de","@id":"https:\/\/bannedvideos.net\/de\/der-junge-der-mit-geistiger-behinderung-lebte-begann-eine-entwicklung-von-c-peptid-zu-zeigen\/#primaryimage","url":"https:\/\/bannedvideos.net\/wp-content\/uploads\/2022\/07\/612525101.jpg","contentUrl":"https:\/\/bannedvideos.net\/wp-content\/uploads\/2022\/07\/612525101.jpg","width":640,"height":360},{"@type":"BreadcrumbList","@id":"https:\/\/bannedvideos.net\/de\/der-junge-der-mit-geistiger-behinderung-lebte-begann-eine-entwicklung-von-c-peptid-zu-zeigen\/#breadcrumb","itemListElement":[{"@type":"ListItem","position":1,"name":"Home","item":"https:\/\/bannedvideos.net\/de\/"},{"@type":"ListItem","position":2,"name":"Der Junge, der mit geistiger Behinderung lebte, begann eine Entwicklung von C-Peptid zu zeigen"}]},{"@type":"WebSite","@id":"https:\/\/bannedvideos.net\/en\/#website","url":"https:\/\/bannedvideos.net\/en\/","name":"Banned videos","description":"","publisher":{"@id":"https:\/\/bannedvideos.net\/en\/#organization"},"potentialAction":[{"@type":"SearchAction","target":{"@type":"EntryPoint","urlTemplate":"https:\/\/bannedvideos.net\/en\/?s={search_term_string}"},"query-input":{"@type":"PropertyValueSpecification","valueRequired":true,"valueName":"search_term_string"}}],"inLanguage":"de"},{"@type":"Organization","@id":"https:\/\/bannedvideos.net\/en\/#organization","name":"Banned videos","url":"https:\/\/bannedvideos.net\/en\/","logo":{"@type":"ImageObject","inLanguage":"de","@id":"https:\/\/bannedvideos.net\/en\/#\/schema\/logo\/image\/","url":"https:\/\/bannedvideos.net\/wp-content\/uploads\/2022\/07\/logo.png","contentUrl":"https:\/\/bannedvideos.net\/wp-content\/uploads\/2022\/07\/logo.png","width":1496,"height":1441,"caption":"Banned videos"},"image":{"@id":"https:\/\/bannedvideos.net\/en\/#\/schema\/logo\/image\/"}},{"@type":"Person","@id":"https:\/\/bannedvideos.net\/en\/#\/schema\/person\/6901bae47f89066856a9d2c7faa5ebd2","name":"bannedvideos","image":{"@type":"ImageObject","inLanguage":"de","@id":"https:\/\/bannedvideos.net\/en\/#\/schema\/person\/image\/","url":"https:\/\/secure.gravatar.com\/avatar\/1f862b55a0861f605d25254d402b1f68536d9e9d320d9e14040debcefacf6342?s=96&d=mm&r=g","contentUrl":"https:\/\/secure.gravatar.com\/avatar\/1f862b55a0861f605d25254d402b1f68536d9e9d320d9e14040debcefacf6342?s=96&d=mm&r=g","caption":"bannedvideos"}}]}},"_links":{"self":[{"href":"https:\/\/bannedvideos.net\/de\/wp-json\/wp\/v2\/posts\/50776","targetHints":{"allow":["GET"]}}],"collection":[{"href":"https:\/\/bannedvideos.net\/de\/wp-json\/wp\/v2\/posts"}],"about":[{"href":"https:\/\/bannedvideos.net\/de\/wp-json\/wp\/v2\/types\/post"}],"author":[{"embeddable":true,"href":"https:\/\/bannedvideos.net\/de\/wp-json\/wp\/v2\/users\/4"}],"replies":[{"embeddable":true,"href":"https:\/\/bannedvideos.net\/de\/wp-json\/wp\/v2\/comments?post=50776"}],"version-history":[{"count":1,"href":"https:\/\/bannedvideos.net\/de\/wp-json\/wp\/v2\/posts\/50776\/revisions"}],"predecessor-version":[{"id":52756,"href":"https:\/\/bannedvideos.net\/de\/wp-json\/wp\/v2\/posts\/50776\/revisions\/52756"}],"wp:featuredmedia":[{"embeddable":true,"href":"https:\/\/bannedvideos.net\/de\/wp-json\/wp\/v2\/media\/50777"}],"wp:attachment":[{"href":"https:\/\/bannedvideos.net\/de\/wp-json\/wp\/v2\/media?parent=50776"}],"wp:term":[{"taxonomy":"category","embeddable":true,"href":"https:\/\/bannedvideos.net\/de\/wp-json\/wp\/v2\/categories?post=50776"},{"taxonomy":"post_tag","embeddable":true,"href":"https:\/\/bannedvideos.net\/de\/wp-json\/wp\/v2\/tags?post=50776"}],"curies":[{"name":"wp","href":"https:\/\/api.w.org\/{rel}","templated":true}]}}