{"id":51916,"date":"2022-07-04T17:01:33","date_gmt":"2022-07-04T15:01:33","guid":{"rendered":"https:\/\/bannedvideos.net\/auch-in-seinen-bildern-zeigt-sich-dass-feco-jetzt-weniger-unter-unwillkuerlichen-bewegungen-leidet\/"},"modified":"2023-03-07T20:19:34","modified_gmt":"2023-03-07T18:19:34","slug":"auch-in-seinen-bildern-zeigt-sich-dass-feco-jetzt-weniger-unter-unwillkuerlichen-bewegungen-leidet","status":"publish","type":"post","link":"https:\/\/bannedvideos.net\/de\/auch-in-seinen-bildern-zeigt-sich-dass-feco-jetzt-weniger-unter-unwillkuerlichen-bewegungen-leidet\/","title":{"rendered":"Auch in seinen Bildern zeigt sich, dass Fec\u00f3 jetzt weniger unter unwillk\u00fcrlichen Bewegungen leidet"},"content":{"rendered":"<p>Als Folge der perinatalen Asphyxie leidet Fec\u00f3 von Geburt an an Behinderungen. Seine unfreiwilligen Bewegungen haben ihm und seiner Mutter das Leben im Laufe der Jahre immer schwerer gemacht. Sie erleben, dass diese unwillk\u00fcrlichen Bewegungen seltener geworden sind, nachdem sie mit der Einnahme von C-Peptid begonnen haben.<\/p>\n","protected":false},"excerpt":{"rendered":"<p>Als Folge der perinatalen Asphyxie leidet Fec\u00f3 von Geburt an an Behinderungen. Seine unfreiwilligen Bewegungen haben ihm und seiner Mutter das Leben im Laufe der Jahre immer schwerer gemacht. Sie erleben, dass diese unwillk\u00fcrlichen Bewegungen seltener geworden sind, nachdem sie mit der Einnahme von C-Peptid begonnen haben.<\/p>\n","protected":false},"author":4,"featured_media":51917,"comment_status":"closed","ping_status":"closed","sticky":false,"template":"","format":"video","meta":{"footnotes":""},"categories":[606],"tags":[],"class_list":{"0":"post-51916","1":"post","2":"type-post","3":"status-publish","4":"format-video","5":"has-post-thumbnail","7":"category-entwicklungsstorungen","8":"post_format-post-format-video"},"yoast_head":"<!-- This site is optimized with the Yoast SEO plugin v26.4 - https:\/\/yoast.com\/wordpress\/plugins\/seo\/ -->\n<title>Auch in seinen Bildern zeigt sich, dass Fec\u00f3 jetzt weniger unter unwillk\u00fcrlichen Bewegungen leidet - Banned videos<\/title>\n<meta name=\"robots\" content=\"index, follow, max-snippet:-1, max-image-preview:large, max-video-preview:-1\" \/>\n<link rel=\"canonical\" href=\"https:\/\/bannedvideos.net\/de\/auch-in-seinen-bildern-zeigt-sich-dass-feco-jetzt-weniger-unter-unwillkuerlichen-bewegungen-leidet\/\" \/>\n<meta property=\"og:locale\" content=\"de_DE\" \/>\n<meta property=\"og:type\" content=\"article\" \/>\n<meta property=\"og:title\" content=\"Auch in seinen Bildern zeigt sich, dass Fec\u00f3 jetzt weniger unter unwillk\u00fcrlichen Bewegungen leidet - Banned videos\" \/>\n<meta property=\"og:description\" content=\"Als Folge der perinatalen Asphyxie leidet Fec\u00f3 von Geburt an an Behinderungen. Seine unfreiwilligen Bewegungen haben ihm und seiner Mutter das Leben im Laufe der Jahre immer schwerer gemacht. Sie erleben, dass diese unwillk\u00fcrlichen Bewegungen seltener geworden sind, nachdem sie mit der Einnahme von C-Peptid begonnen haben.\" \/>\n<meta property=\"og:url\" content=\"https:\/\/bannedvideos.net\/de\/auch-in-seinen-bildern-zeigt-sich-dass-feco-jetzt-weniger-unter-unwillkuerlichen-bewegungen-leidet\/\" \/>\n<meta property=\"og:site_name\" content=\"Banned videos\" \/>\n<meta property=\"article:published_time\" content=\"2022-07-04T15:01:33+00:00\" \/>\n<meta property=\"article:modified_time\" content=\"2023-03-07T18:19:34+00:00\" \/>\n<meta property=\"og:image\" content=\"https:\/\/bannedvideos.net\/wp-content\/uploads\/2022\/07\/574383939.jpg\" \/>\n\t<meta property=\"og:image:width\" content=\"640\" \/>\n\t<meta property=\"og:image:height\" content=\"360\" \/>\n\t<meta property=\"og:image:type\" content=\"image\/jpeg\" \/>\n<meta name=\"author\" content=\"bannedvideos\" \/>\n<meta name=\"twitter:card\" content=\"summary_large_image\" \/>\n<meta name=\"twitter:label1\" content=\"Verfasst von\" \/>\n\t<meta name=\"twitter:data1\" content=\"bannedvideos\" \/>\n<script type=\"application\/ld+json\" class=\"yoast-schema-graph\">{\"@context\":\"https:\/\/schema.org\",\"@graph\":[{\"@type\":\"ScholarlyArticle\",\"@id\":\"https:\/\/bannedvideos.net\/de\/auch-in-seinen-bildern-zeigt-sich-dass-feco-jetzt-weniger-unter-unwillkuerlichen-bewegungen-leidet\/#article\",\"isPartOf\":{\"@id\":\"https:\/\/bannedvideos.net\/de\/auch-in-seinen-bildern-zeigt-sich-dass-feco-jetzt-weniger-unter-unwillkuerlichen-bewegungen-leidet\/\"},\"author\":{\"name\":\"bannedvideos\",\"@id\":\"https:\/\/bannedvideos.net\/en\/#\/schema\/person\/6901bae47f89066856a9d2c7faa5ebd2\"},\"headline\":\"Auch in seinen Bildern zeigt sich, dass Fec\u00f3 jetzt weniger unter unwillk\u00fcrlichen Bewegungen leidet\",\"datePublished\":\"2022-07-04T15:01:33+00:00\",\"dateModified\":\"2023-03-07T18:19:34+00:00\",\"mainEntityOfPage\":{\"@id\":\"https:\/\/bannedvideos.net\/de\/auch-in-seinen-bildern-zeigt-sich-dass-feco-jetzt-weniger-unter-unwillkuerlichen-bewegungen-leidet\/\"},\"wordCount\":63,\"publisher\":{\"@id\":\"https:\/\/bannedvideos.net\/en\/#organization\"},\"image\":{\"@id\":\"https:\/\/bannedvideos.net\/de\/auch-in-seinen-bildern-zeigt-sich-dass-feco-jetzt-weniger-unter-unwillkuerlichen-bewegungen-leidet\/#primaryimage\"},\"thumbnailUrl\":\"https:\/\/bannedvideos.net\/wp-content\/uploads\/2022\/07\/574383939.jpg\",\"articleSection\":[\"Entwicklungsst\u00f6rungen\"],\"inLanguage\":\"de\"},{\"@type\":\"WebPage\",\"@id\":\"https:\/\/bannedvideos.net\/de\/auch-in-seinen-bildern-zeigt-sich-dass-feco-jetzt-weniger-unter-unwillkuerlichen-bewegungen-leidet\/\",\"url\":\"https:\/\/bannedvideos.net\/de\/auch-in-seinen-bildern-zeigt-sich-dass-feco-jetzt-weniger-unter-unwillkuerlichen-bewegungen-leidet\/\",\"name\":\"Auch in seinen Bildern zeigt sich, dass Fec\u00f3 jetzt weniger unter unwillk\u00fcrlichen Bewegungen leidet - Banned videos\",\"isPartOf\":{\"@id\":\"https:\/\/bannedvideos.net\/en\/#website\"},\"primaryImageOfPage\":{\"@id\":\"https:\/\/bannedvideos.net\/de\/auch-in-seinen-bildern-zeigt-sich-dass-feco-jetzt-weniger-unter-unwillkuerlichen-bewegungen-leidet\/#primaryimage\"},\"image\":{\"@id\":\"https:\/\/bannedvideos.net\/de\/auch-in-seinen-bildern-zeigt-sich-dass-feco-jetzt-weniger-unter-unwillkuerlichen-bewegungen-leidet\/#primaryimage\"},\"thumbnailUrl\":\"https:\/\/bannedvideos.net\/wp-content\/uploads\/2022\/07\/574383939.jpg\",\"datePublished\":\"2022-07-04T15:01:33+00:00\",\"dateModified\":\"2023-03-07T18:19:34+00:00\",\"breadcrumb\":{\"@id\":\"https:\/\/bannedvideos.net\/de\/auch-in-seinen-bildern-zeigt-sich-dass-feco-jetzt-weniger-unter-unwillkuerlichen-bewegungen-leidet\/#breadcrumb\"},\"inLanguage\":\"de\",\"potentialAction\":[{\"@type\":\"ReadAction\",\"target\":[\"https:\/\/bannedvideos.net\/de\/auch-in-seinen-bildern-zeigt-sich-dass-feco-jetzt-weniger-unter-unwillkuerlichen-bewegungen-leidet\/\"]}]},{\"@type\":\"ImageObject\",\"inLanguage\":\"de\",\"@id\":\"https:\/\/bannedvideos.net\/de\/auch-in-seinen-bildern-zeigt-sich-dass-feco-jetzt-weniger-unter-unwillkuerlichen-bewegungen-leidet\/#primaryimage\",\"url\":\"https:\/\/bannedvideos.net\/wp-content\/uploads\/2022\/07\/574383939.jpg\",\"contentUrl\":\"https:\/\/bannedvideos.net\/wp-content\/uploads\/2022\/07\/574383939.jpg\",\"width\":640,\"height\":360},{\"@type\":\"BreadcrumbList\",\"@id\":\"https:\/\/bannedvideos.net\/de\/auch-in-seinen-bildern-zeigt-sich-dass-feco-jetzt-weniger-unter-unwillkuerlichen-bewegungen-leidet\/#breadcrumb\",\"itemListElement\":[{\"@type\":\"ListItem\",\"position\":1,\"name\":\"Home\",\"item\":\"https:\/\/bannedvideos.net\/de\/\"},{\"@type\":\"ListItem\",\"position\":2,\"name\":\"Auch in seinen Bildern zeigt sich, dass Fec\u00f3 jetzt weniger unter unwillk\u00fcrlichen Bewegungen leidet\"}]},{\"@type\":\"WebSite\",\"@id\":\"https:\/\/bannedvideos.net\/en\/#website\",\"url\":\"https:\/\/bannedvideos.net\/en\/\",\"name\":\"Banned videos\",\"description\":\"\",\"publisher\":{\"@id\":\"https:\/\/bannedvideos.net\/en\/#organization\"},\"potentialAction\":[{\"@type\":\"SearchAction\",\"target\":{\"@type\":\"EntryPoint\",\"urlTemplate\":\"https:\/\/bannedvideos.net\/en\/?s={search_term_string}\"},\"query-input\":{\"@type\":\"PropertyValueSpecification\",\"valueRequired\":true,\"valueName\":\"search_term_string\"}}],\"inLanguage\":\"de\"},{\"@type\":\"Organization\",\"@id\":\"https:\/\/bannedvideos.net\/en\/#organization\",\"name\":\"Banned videos\",\"url\":\"https:\/\/bannedvideos.net\/en\/\",\"logo\":{\"@type\":\"ImageObject\",\"inLanguage\":\"de\",\"@id\":\"https:\/\/bannedvideos.net\/en\/#\/schema\/logo\/image\/\",\"url\":\"https:\/\/bannedvideos.net\/wp-content\/uploads\/2022\/07\/logo.png\",\"contentUrl\":\"https:\/\/bannedvideos.net\/wp-content\/uploads\/2022\/07\/logo.png\",\"width\":1496,\"height\":1441,\"caption\":\"Banned videos\"},\"image\":{\"@id\":\"https:\/\/bannedvideos.net\/en\/#\/schema\/logo\/image\/\"}},{\"@type\":\"Person\",\"@id\":\"https:\/\/bannedvideos.net\/en\/#\/schema\/person\/6901bae47f89066856a9d2c7faa5ebd2\",\"name\":\"bannedvideos\",\"image\":{\"@type\":\"ImageObject\",\"inLanguage\":\"de\",\"@id\":\"https:\/\/bannedvideos.net\/en\/#\/schema\/person\/image\/\",\"url\":\"https:\/\/secure.gravatar.com\/avatar\/1f862b55a0861f605d25254d402b1f68536d9e9d320d9e14040debcefacf6342?s=96&d=mm&r=g\",\"contentUrl\":\"https:\/\/secure.gravatar.com\/avatar\/1f862b55a0861f605d25254d402b1f68536d9e9d320d9e14040debcefacf6342?s=96&d=mm&r=g\",\"caption\":\"bannedvideos\"}}]}<\/script>\n<!-- \/ Yoast SEO plugin. -->","yoast_head_json":{"title":"Auch in seinen Bildern zeigt sich, dass Fec\u00f3 jetzt weniger unter unwillk\u00fcrlichen Bewegungen leidet - Banned videos","robots":{"index":"index","follow":"follow","max-snippet":"max-snippet:-1","max-image-preview":"max-image-preview:large","max-video-preview":"max-video-preview:-1"},"canonical":"https:\/\/bannedvideos.net\/de\/auch-in-seinen-bildern-zeigt-sich-dass-feco-jetzt-weniger-unter-unwillkuerlichen-bewegungen-leidet\/","og_locale":"de_DE","og_type":"article","og_title":"Auch in seinen Bildern zeigt sich, dass Fec\u00f3 jetzt weniger unter unwillk\u00fcrlichen Bewegungen leidet - Banned videos","og_description":"Als Folge der perinatalen Asphyxie leidet Fec\u00f3 von Geburt an an Behinderungen. Seine unfreiwilligen Bewegungen haben ihm und seiner Mutter das Leben im Laufe der Jahre immer schwerer gemacht. Sie erleben, dass diese unwillk\u00fcrlichen Bewegungen seltener geworden sind, nachdem sie mit der Einnahme von C-Peptid begonnen haben.","og_url":"https:\/\/bannedvideos.net\/de\/auch-in-seinen-bildern-zeigt-sich-dass-feco-jetzt-weniger-unter-unwillkuerlichen-bewegungen-leidet\/","og_site_name":"Banned videos","article_published_time":"2022-07-04T15:01:33+00:00","article_modified_time":"2023-03-07T18:19:34+00:00","og_image":[{"width":640,"height":360,"url":"https:\/\/bannedvideos.net\/wp-content\/uploads\/2022\/07\/574383939.jpg","type":"image\/jpeg"}],"author":"bannedvideos","twitter_card":"summary_large_image","twitter_misc":{"Verfasst von":"bannedvideos"},"schema":{"@context":"https:\/\/schema.org","@graph":[{"@type":"ScholarlyArticle","@id":"https:\/\/bannedvideos.net\/de\/auch-in-seinen-bildern-zeigt-sich-dass-feco-jetzt-weniger-unter-unwillkuerlichen-bewegungen-leidet\/#article","isPartOf":{"@id":"https:\/\/bannedvideos.net\/de\/auch-in-seinen-bildern-zeigt-sich-dass-feco-jetzt-weniger-unter-unwillkuerlichen-bewegungen-leidet\/"},"author":{"name":"bannedvideos","@id":"https:\/\/bannedvideos.net\/en\/#\/schema\/person\/6901bae47f89066856a9d2c7faa5ebd2"},"headline":"Auch in seinen Bildern zeigt sich, dass Fec\u00f3 jetzt weniger unter unwillk\u00fcrlichen Bewegungen leidet","datePublished":"2022-07-04T15:01:33+00:00","dateModified":"2023-03-07T18:19:34+00:00","mainEntityOfPage":{"@id":"https:\/\/bannedvideos.net\/de\/auch-in-seinen-bildern-zeigt-sich-dass-feco-jetzt-weniger-unter-unwillkuerlichen-bewegungen-leidet\/"},"wordCount":63,"publisher":{"@id":"https:\/\/bannedvideos.net\/en\/#organization"},"image":{"@id":"https:\/\/bannedvideos.net\/de\/auch-in-seinen-bildern-zeigt-sich-dass-feco-jetzt-weniger-unter-unwillkuerlichen-bewegungen-leidet\/#primaryimage"},"thumbnailUrl":"https:\/\/bannedvideos.net\/wp-content\/uploads\/2022\/07\/574383939.jpg","articleSection":["Entwicklungsst\u00f6rungen"],"inLanguage":"de"},{"@type":"WebPage","@id":"https:\/\/bannedvideos.net\/de\/auch-in-seinen-bildern-zeigt-sich-dass-feco-jetzt-weniger-unter-unwillkuerlichen-bewegungen-leidet\/","url":"https:\/\/bannedvideos.net\/de\/auch-in-seinen-bildern-zeigt-sich-dass-feco-jetzt-weniger-unter-unwillkuerlichen-bewegungen-leidet\/","name":"Auch in seinen Bildern zeigt sich, dass Fec\u00f3 jetzt weniger unter unwillk\u00fcrlichen Bewegungen leidet - Banned videos","isPartOf":{"@id":"https:\/\/bannedvideos.net\/en\/#website"},"primaryImageOfPage":{"@id":"https:\/\/bannedvideos.net\/de\/auch-in-seinen-bildern-zeigt-sich-dass-feco-jetzt-weniger-unter-unwillkuerlichen-bewegungen-leidet\/#primaryimage"},"image":{"@id":"https:\/\/bannedvideos.net\/de\/auch-in-seinen-bildern-zeigt-sich-dass-feco-jetzt-weniger-unter-unwillkuerlichen-bewegungen-leidet\/#primaryimage"},"thumbnailUrl":"https:\/\/bannedvideos.net\/wp-content\/uploads\/2022\/07\/574383939.jpg","datePublished":"2022-07-04T15:01:33+00:00","dateModified":"2023-03-07T18:19:34+00:00","breadcrumb":{"@id":"https:\/\/bannedvideos.net\/de\/auch-in-seinen-bildern-zeigt-sich-dass-feco-jetzt-weniger-unter-unwillkuerlichen-bewegungen-leidet\/#breadcrumb"},"inLanguage":"de","potentialAction":[{"@type":"ReadAction","target":["https:\/\/bannedvideos.net\/de\/auch-in-seinen-bildern-zeigt-sich-dass-feco-jetzt-weniger-unter-unwillkuerlichen-bewegungen-leidet\/"]}]},{"@type":"ImageObject","inLanguage":"de","@id":"https:\/\/bannedvideos.net\/de\/auch-in-seinen-bildern-zeigt-sich-dass-feco-jetzt-weniger-unter-unwillkuerlichen-bewegungen-leidet\/#primaryimage","url":"https:\/\/bannedvideos.net\/wp-content\/uploads\/2022\/07\/574383939.jpg","contentUrl":"https:\/\/bannedvideos.net\/wp-content\/uploads\/2022\/07\/574383939.jpg","width":640,"height":360},{"@type":"BreadcrumbList","@id":"https:\/\/bannedvideos.net\/de\/auch-in-seinen-bildern-zeigt-sich-dass-feco-jetzt-weniger-unter-unwillkuerlichen-bewegungen-leidet\/#breadcrumb","itemListElement":[{"@type":"ListItem","position":1,"name":"Home","item":"https:\/\/bannedvideos.net\/de\/"},{"@type":"ListItem","position":2,"name":"Auch in seinen Bildern zeigt sich, dass Fec\u00f3 jetzt weniger unter unwillk\u00fcrlichen Bewegungen leidet"}]},{"@type":"WebSite","@id":"https:\/\/bannedvideos.net\/en\/#website","url":"https:\/\/bannedvideos.net\/en\/","name":"Banned videos","description":"","publisher":{"@id":"https:\/\/bannedvideos.net\/en\/#organization"},"potentialAction":[{"@type":"SearchAction","target":{"@type":"EntryPoint","urlTemplate":"https:\/\/bannedvideos.net\/en\/?s={search_term_string}"},"query-input":{"@type":"PropertyValueSpecification","valueRequired":true,"valueName":"search_term_string"}}],"inLanguage":"de"},{"@type":"Organization","@id":"https:\/\/bannedvideos.net\/en\/#organization","name":"Banned videos","url":"https:\/\/bannedvideos.net\/en\/","logo":{"@type":"ImageObject","inLanguage":"de","@id":"https:\/\/bannedvideos.net\/en\/#\/schema\/logo\/image\/","url":"https:\/\/bannedvideos.net\/wp-content\/uploads\/2022\/07\/logo.png","contentUrl":"https:\/\/bannedvideos.net\/wp-content\/uploads\/2022\/07\/logo.png","width":1496,"height":1441,"caption":"Banned videos"},"image":{"@id":"https:\/\/bannedvideos.net\/en\/#\/schema\/logo\/image\/"}},{"@type":"Person","@id":"https:\/\/bannedvideos.net\/en\/#\/schema\/person\/6901bae47f89066856a9d2c7faa5ebd2","name":"bannedvideos","image":{"@type":"ImageObject","inLanguage":"de","@id":"https:\/\/bannedvideos.net\/en\/#\/schema\/person\/image\/","url":"https:\/\/secure.gravatar.com\/avatar\/1f862b55a0861f605d25254d402b1f68536d9e9d320d9e14040debcefacf6342?s=96&d=mm&r=g","contentUrl":"https:\/\/secure.gravatar.com\/avatar\/1f862b55a0861f605d25254d402b1f68536d9e9d320d9e14040debcefacf6342?s=96&d=mm&r=g","caption":"bannedvideos"}}]}},"_links":{"self":[{"href":"https:\/\/bannedvideos.net\/de\/wp-json\/wp\/v2\/posts\/51916","targetHints":{"allow":["GET"]}}],"collection":[{"href":"https:\/\/bannedvideos.net\/de\/wp-json\/wp\/v2\/posts"}],"about":[{"href":"https:\/\/bannedvideos.net\/de\/wp-json\/wp\/v2\/types\/post"}],"author":[{"embeddable":true,"href":"https:\/\/bannedvideos.net\/de\/wp-json\/wp\/v2\/users\/4"}],"replies":[{"embeddable":true,"href":"https:\/\/bannedvideos.net\/de\/wp-json\/wp\/v2\/comments?post=51916"}],"version-history":[{"count":1,"href":"https:\/\/bannedvideos.net\/de\/wp-json\/wp\/v2\/posts\/51916\/revisions"}],"predecessor-version":[{"id":52816,"href":"https:\/\/bannedvideos.net\/de\/wp-json\/wp\/v2\/posts\/51916\/revisions\/52816"}],"wp:featuredmedia":[{"embeddable":true,"href":"https:\/\/bannedvideos.net\/de\/wp-json\/wp\/v2\/media\/51917"}],"wp:attachment":[{"href":"https:\/\/bannedvideos.net\/de\/wp-json\/wp\/v2\/media?parent=51916"}],"wp:term":[{"taxonomy":"category","embeddable":true,"href":"https:\/\/bannedvideos.net\/de\/wp-json\/wp\/v2\/categories?post=51916"},{"taxonomy":"post_tag","embeddable":true,"href":"https:\/\/bannedvideos.net\/de\/wp-json\/wp\/v2\/tags?post=51916"}],"curies":[{"name":"wp","href":"https:\/\/api.w.org\/{rel}","templated":true}]}}