{"id":97144,"date":"2023-02-02T00:26:44","date_gmt":"2023-02-01T22:26:44","guid":{"rendered":"https:\/\/bannedvideos.net\/der-junge-der-ein-schaedel-hirn-trauma-erlitten-hat-kann-nun-mit-seinem-vater-dreirad-fahren-und-einen-traktor-fahren\/"},"modified":"2023-10-24T00:32:31","modified_gmt":"2023-10-23T22:32:31","slug":"der-junge-der-ein-schaedel-hirn-trauma-erlitten-hat-kann-nun-mit-seinem-vater-dreirad-fahren-und-einen-traktor-fahren","status":"publish","type":"post","link":"https:\/\/bannedvideos.net\/de\/der-junge-der-ein-schaedel-hirn-trauma-erlitten-hat-kann-nun-mit-seinem-vater-dreirad-fahren-und-einen-traktor-fahren\/","title":{"rendered":"Der Junge, der ein Sch\u00e4del-Hirn-Trauma erlitten hat, kann nun mit seinem Vater Dreirad fahren und einen Traktor fahren"},"content":{"rendered":"<p>\u201eAls M\u00e1rko zwei Jahre alt war, wurde er auf einem Feld von einem Pferd getreten. Er erlitt eine traumatische Kopfverletzung. Er litt an einer Gehirnentz\u00fcndung und gesch\u00e4digten Hirnh\u00e4uten. Er wurde ins Krankenhaus gebracht, wo er operiert wurde Aria h\u00f6rte von einer Entwicklungsp\u00e4dagogin etwas \u00fcber \u201eWei\u00dft du was\u201c und sie beschlossen, es auszuprobieren. Dann begann sich M\u00e1rk positiv zu ver\u00e4ndern. Fr\u00fcher w\u00fcrgte er und konnte nicht richtig atmen, er litt mehrmals unter hohem Fieber. Jetzt ist seine normale Atmung zur\u00fcckgekehrt und seine N\u00e4chte verbringen er friedlich, und das Fieber geh\u00f6rt auch der Vergangenheit an. Au\u00dferdem sind sein Gang und seine Haltung viel stabiler geworden. Nach seinem Unfall war das Kind nicht mehr in der Lage, seine Gef\u00fchle zu zeigen, wie z. B. Liebe zu zeigen, und es lachte oder l\u00e4chelte nie. Heute umarmt er jeden, den er liebt, und lacht mit seinen Eltern. Seit dem Spray hat er begonnen, besser zu verstehen, und jetzt versteht er die Sprache seiner Eltern, und er kann sich immer geschickter ausdr\u00fccken, er kann verstehen, was er mit seinen Eltern will. Auch die Sonderp\u00e4dagogen haben den gro\u00dfen Sprung von M\u00e1rk bemerkt und freuen sich sehr dar\u00fcber. Durch die positiven Ver\u00e4nderungen wurden er und die Familie stabiler. \u201eWenn ihm besser geht, geht es uns auch besser.\u201c So formulierte der Vater, was diese Ver\u00e4nderung f\u00fcr die Familie bedeutet.\u201c<\/p>\n","protected":false},"excerpt":{"rendered":"<p>\u201eAls M\u00e1rko zwei Jahre alt war, wurde er auf einem Feld von einem Pferd getreten. Er erlitt eine traumatische Kopfverletzung. Er litt an einer Gehirnentz\u00fcndung und gesch\u00e4digten Hirnh\u00e4uten. Er wurde ins Krankenhaus gebracht, wo er operiert wurde Aria h\u00f6rte von einer Entwicklungsp\u00e4dagogin etwas \u00fcber \u201eWei\u00dft du was\u201c und sie beschlossen, es auszuprobieren. Dann begann sich [&hellip;]<\/p>\n","protected":false},"author":4,"featured_media":97145,"comment_status":"closed","ping_status":"closed","sticky":false,"template":"","format":"video","meta":{"footnotes":""},"categories":[230],"tags":[],"class_list":{"0":"post-97144","1":"post","2":"type-post","3":"status-publish","4":"format-video","5":"has-post-thumbnail","7":"category-traumatisches-gehirn-verletzt","8":"post_format-post-format-video"},"yoast_head":"<!-- This site is optimized with the Yoast SEO plugin v26.4 - https:\/\/yoast.com\/wordpress\/plugins\/seo\/ -->\n<title>Der Junge, der ein Sch\u00e4del-Hirn-Trauma erlitten hat, kann nun mit seinem Vater Dreirad fahren und einen Traktor fahren - Banned videos<\/title>\n<meta name=\"robots\" content=\"index, follow, max-snippet:-1, max-image-preview:large, max-video-preview:-1\" \/>\n<link rel=\"canonical\" href=\"https:\/\/bannedvideos.net\/de\/der-junge-der-ein-schaedel-hirn-trauma-erlitten-hat-kann-nun-mit-seinem-vater-dreirad-fahren-und-einen-traktor-fahren\/\" \/>\n<meta property=\"og:locale\" content=\"de_DE\" \/>\n<meta property=\"og:type\" content=\"article\" \/>\n<meta property=\"og:title\" content=\"Der Junge, der ein Sch\u00e4del-Hirn-Trauma erlitten hat, kann nun mit seinem Vater Dreirad fahren und einen Traktor fahren - Banned videos\" \/>\n<meta property=\"og:description\" content=\"\u201eAls M\u00e1rko zwei Jahre alt war, wurde er auf einem Feld von einem Pferd getreten. Er erlitt eine traumatische Kopfverletzung. Er litt an einer Gehirnentz\u00fcndung und gesch\u00e4digten Hirnh\u00e4uten. Er wurde ins Krankenhaus gebracht, wo er operiert wurde Aria h\u00f6rte von einer Entwicklungsp\u00e4dagogin etwas \u00fcber \u201eWei\u00dft du was\u201c und sie beschlossen, es auszuprobieren. Dann begann sich [&hellip;]\" \/>\n<meta property=\"og:url\" content=\"https:\/\/bannedvideos.net\/de\/der-junge-der-ein-schaedel-hirn-trauma-erlitten-hat-kann-nun-mit-seinem-vater-dreirad-fahren-und-einen-traktor-fahren\/\" \/>\n<meta property=\"og:site_name\" content=\"Banned videos\" \/>\n<meta property=\"article:published_time\" content=\"2023-02-01T22:26:44+00:00\" \/>\n<meta property=\"article:modified_time\" content=\"2023-10-23T22:32:31+00:00\" \/>\n<meta property=\"og:image\" content=\"https:\/\/bannedvideos.net\/wp-content\/uploads\/2023\/10\/849060886.jpg\" \/>\n\t<meta property=\"og:image:width\" content=\"295\" \/>\n\t<meta property=\"og:image:height\" content=\"166\" \/>\n\t<meta property=\"og:image:type\" content=\"image\/jpeg\" \/>\n<meta name=\"author\" content=\"bannedvideos\" \/>\n<meta name=\"twitter:card\" content=\"summary_large_image\" \/>\n<meta name=\"twitter:label1\" content=\"Verfasst von\" \/>\n\t<meta name=\"twitter:data1\" content=\"bannedvideos\" \/>\n\t<meta name=\"twitter:label2\" content=\"Gesch\u00e4tzte Lesezeit\" \/>\n\t<meta name=\"twitter:data2\" content=\"1\u00a0Minute\" \/>\n<script type=\"application\/ld+json\" class=\"yoast-schema-graph\">{\"@context\":\"https:\/\/schema.org\",\"@graph\":[{\"@type\":\"ScholarlyArticle\",\"@id\":\"https:\/\/bannedvideos.net\/de\/der-junge-der-ein-schaedel-hirn-trauma-erlitten-hat-kann-nun-mit-seinem-vater-dreirad-fahren-und-einen-traktor-fahren\/#article\",\"isPartOf\":{\"@id\":\"https:\/\/bannedvideos.net\/de\/der-junge-der-ein-schaedel-hirn-trauma-erlitten-hat-kann-nun-mit-seinem-vater-dreirad-fahren-und-einen-traktor-fahren\/\"},\"author\":{\"name\":\"bannedvideos\",\"@id\":\"https:\/\/bannedvideos.net\/en\/#\/schema\/person\/6901bae47f89066856a9d2c7faa5ebd2\"},\"headline\":\"Der Junge, der ein Sch\u00e4del-Hirn-Trauma erlitten hat, kann nun mit seinem Vater Dreirad fahren und einen Traktor fahren\",\"datePublished\":\"2023-02-01T22:26:44+00:00\",\"dateModified\":\"2023-10-23T22:32:31+00:00\",\"mainEntityOfPage\":{\"@id\":\"https:\/\/bannedvideos.net\/de\/der-junge-der-ein-schaedel-hirn-trauma-erlitten-hat-kann-nun-mit-seinem-vater-dreirad-fahren-und-einen-traktor-fahren\/\"},\"wordCount\":264,\"publisher\":{\"@id\":\"https:\/\/bannedvideos.net\/en\/#organization\"},\"image\":{\"@id\":\"https:\/\/bannedvideos.net\/de\/der-junge-der-ein-schaedel-hirn-trauma-erlitten-hat-kann-nun-mit-seinem-vater-dreirad-fahren-und-einen-traktor-fahren\/#primaryimage\"},\"thumbnailUrl\":\"https:\/\/bannedvideos.net\/wp-content\/uploads\/2023\/10\/849060886.jpg\",\"articleSection\":[\"Traumatisches Gehirn verletzt\"],\"inLanguage\":\"de\"},{\"@type\":\"WebPage\",\"@id\":\"https:\/\/bannedvideos.net\/de\/der-junge-der-ein-schaedel-hirn-trauma-erlitten-hat-kann-nun-mit-seinem-vater-dreirad-fahren-und-einen-traktor-fahren\/\",\"url\":\"https:\/\/bannedvideos.net\/de\/der-junge-der-ein-schaedel-hirn-trauma-erlitten-hat-kann-nun-mit-seinem-vater-dreirad-fahren-und-einen-traktor-fahren\/\",\"name\":\"Der Junge, der ein Sch\u00e4del-Hirn-Trauma erlitten hat, kann nun mit seinem Vater Dreirad fahren und einen Traktor fahren - Banned videos\",\"isPartOf\":{\"@id\":\"https:\/\/bannedvideos.net\/en\/#website\"},\"primaryImageOfPage\":{\"@id\":\"https:\/\/bannedvideos.net\/de\/der-junge-der-ein-schaedel-hirn-trauma-erlitten-hat-kann-nun-mit-seinem-vater-dreirad-fahren-und-einen-traktor-fahren\/#primaryimage\"},\"image\":{\"@id\":\"https:\/\/bannedvideos.net\/de\/der-junge-der-ein-schaedel-hirn-trauma-erlitten-hat-kann-nun-mit-seinem-vater-dreirad-fahren-und-einen-traktor-fahren\/#primaryimage\"},\"thumbnailUrl\":\"https:\/\/bannedvideos.net\/wp-content\/uploads\/2023\/10\/849060886.jpg\",\"datePublished\":\"2023-02-01T22:26:44+00:00\",\"dateModified\":\"2023-10-23T22:32:31+00:00\",\"breadcrumb\":{\"@id\":\"https:\/\/bannedvideos.net\/de\/der-junge-der-ein-schaedel-hirn-trauma-erlitten-hat-kann-nun-mit-seinem-vater-dreirad-fahren-und-einen-traktor-fahren\/#breadcrumb\"},\"inLanguage\":\"de\",\"potentialAction\":[{\"@type\":\"ReadAction\",\"target\":[\"https:\/\/bannedvideos.net\/de\/der-junge-der-ein-schaedel-hirn-trauma-erlitten-hat-kann-nun-mit-seinem-vater-dreirad-fahren-und-einen-traktor-fahren\/\"]}]},{\"@type\":\"ImageObject\",\"inLanguage\":\"de\",\"@id\":\"https:\/\/bannedvideos.net\/de\/der-junge-der-ein-schaedel-hirn-trauma-erlitten-hat-kann-nun-mit-seinem-vater-dreirad-fahren-und-einen-traktor-fahren\/#primaryimage\",\"url\":\"https:\/\/bannedvideos.net\/wp-content\/uploads\/2023\/10\/849060886.jpg\",\"contentUrl\":\"https:\/\/bannedvideos.net\/wp-content\/uploads\/2023\/10\/849060886.jpg\",\"width\":295,\"height\":166},{\"@type\":\"BreadcrumbList\",\"@id\":\"https:\/\/bannedvideos.net\/de\/der-junge-der-ein-schaedel-hirn-trauma-erlitten-hat-kann-nun-mit-seinem-vater-dreirad-fahren-und-einen-traktor-fahren\/#breadcrumb\",\"itemListElement\":[{\"@type\":\"ListItem\",\"position\":1,\"name\":\"Home\",\"item\":\"https:\/\/bannedvideos.net\/de\/\"},{\"@type\":\"ListItem\",\"position\":2,\"name\":\"Der Junge, der ein Sch\u00e4del-Hirn-Trauma erlitten hat, kann nun mit seinem Vater Dreirad fahren und einen Traktor fahren\"}]},{\"@type\":\"WebSite\",\"@id\":\"https:\/\/bannedvideos.net\/en\/#website\",\"url\":\"https:\/\/bannedvideos.net\/en\/\",\"name\":\"Banned videos\",\"description\":\"\",\"publisher\":{\"@id\":\"https:\/\/bannedvideos.net\/en\/#organization\"},\"potentialAction\":[{\"@type\":\"SearchAction\",\"target\":{\"@type\":\"EntryPoint\",\"urlTemplate\":\"https:\/\/bannedvideos.net\/en\/?s={search_term_string}\"},\"query-input\":{\"@type\":\"PropertyValueSpecification\",\"valueRequired\":true,\"valueName\":\"search_term_string\"}}],\"inLanguage\":\"de\"},{\"@type\":\"Organization\",\"@id\":\"https:\/\/bannedvideos.net\/en\/#organization\",\"name\":\"Banned videos\",\"url\":\"https:\/\/bannedvideos.net\/en\/\",\"logo\":{\"@type\":\"ImageObject\",\"inLanguage\":\"de\",\"@id\":\"https:\/\/bannedvideos.net\/en\/#\/schema\/logo\/image\/\",\"url\":\"https:\/\/bannedvideos.net\/wp-content\/uploads\/2022\/07\/logo.png\",\"contentUrl\":\"https:\/\/bannedvideos.net\/wp-content\/uploads\/2022\/07\/logo.png\",\"width\":1496,\"height\":1441,\"caption\":\"Banned videos\"},\"image\":{\"@id\":\"https:\/\/bannedvideos.net\/en\/#\/schema\/logo\/image\/\"}},{\"@type\":\"Person\",\"@id\":\"https:\/\/bannedvideos.net\/en\/#\/schema\/person\/6901bae47f89066856a9d2c7faa5ebd2\",\"name\":\"bannedvideos\",\"image\":{\"@type\":\"ImageObject\",\"inLanguage\":\"de\",\"@id\":\"https:\/\/bannedvideos.net\/en\/#\/schema\/person\/image\/\",\"url\":\"https:\/\/secure.gravatar.com\/avatar\/1f862b55a0861f605d25254d402b1f68536d9e9d320d9e14040debcefacf6342?s=96&d=mm&r=g\",\"contentUrl\":\"https:\/\/secure.gravatar.com\/avatar\/1f862b55a0861f605d25254d402b1f68536d9e9d320d9e14040debcefacf6342?s=96&d=mm&r=g\",\"caption\":\"bannedvideos\"}}]}<\/script>\n<!-- \/ Yoast SEO plugin. -->","yoast_head_json":{"title":"Der Junge, der ein Sch\u00e4del-Hirn-Trauma erlitten hat, kann nun mit seinem Vater Dreirad fahren und einen Traktor fahren - Banned videos","robots":{"index":"index","follow":"follow","max-snippet":"max-snippet:-1","max-image-preview":"max-image-preview:large","max-video-preview":"max-video-preview:-1"},"canonical":"https:\/\/bannedvideos.net\/de\/der-junge-der-ein-schaedel-hirn-trauma-erlitten-hat-kann-nun-mit-seinem-vater-dreirad-fahren-und-einen-traktor-fahren\/","og_locale":"de_DE","og_type":"article","og_title":"Der Junge, der ein Sch\u00e4del-Hirn-Trauma erlitten hat, kann nun mit seinem Vater Dreirad fahren und einen Traktor fahren - Banned videos","og_description":"\u201eAls M\u00e1rko zwei Jahre alt war, wurde er auf einem Feld von einem Pferd getreten. Er erlitt eine traumatische Kopfverletzung. Er litt an einer Gehirnentz\u00fcndung und gesch\u00e4digten Hirnh\u00e4uten. Er wurde ins Krankenhaus gebracht, wo er operiert wurde Aria h\u00f6rte von einer Entwicklungsp\u00e4dagogin etwas \u00fcber \u201eWei\u00dft du was\u201c und sie beschlossen, es auszuprobieren. Dann begann sich [&hellip;]","og_url":"https:\/\/bannedvideos.net\/de\/der-junge-der-ein-schaedel-hirn-trauma-erlitten-hat-kann-nun-mit-seinem-vater-dreirad-fahren-und-einen-traktor-fahren\/","og_site_name":"Banned videos","article_published_time":"2023-02-01T22:26:44+00:00","article_modified_time":"2023-10-23T22:32:31+00:00","og_image":[{"width":295,"height":166,"url":"https:\/\/bannedvideos.net\/wp-content\/uploads\/2023\/10\/849060886.jpg","type":"image\/jpeg"}],"author":"bannedvideos","twitter_card":"summary_large_image","twitter_misc":{"Verfasst von":"bannedvideos","Gesch\u00e4tzte Lesezeit":"1\u00a0Minute"},"schema":{"@context":"https:\/\/schema.org","@graph":[{"@type":"ScholarlyArticle","@id":"https:\/\/bannedvideos.net\/de\/der-junge-der-ein-schaedel-hirn-trauma-erlitten-hat-kann-nun-mit-seinem-vater-dreirad-fahren-und-einen-traktor-fahren\/#article","isPartOf":{"@id":"https:\/\/bannedvideos.net\/de\/der-junge-der-ein-schaedel-hirn-trauma-erlitten-hat-kann-nun-mit-seinem-vater-dreirad-fahren-und-einen-traktor-fahren\/"},"author":{"name":"bannedvideos","@id":"https:\/\/bannedvideos.net\/en\/#\/schema\/person\/6901bae47f89066856a9d2c7faa5ebd2"},"headline":"Der Junge, der ein Sch\u00e4del-Hirn-Trauma erlitten hat, kann nun mit seinem Vater Dreirad fahren und einen Traktor fahren","datePublished":"2023-02-01T22:26:44+00:00","dateModified":"2023-10-23T22:32:31+00:00","mainEntityOfPage":{"@id":"https:\/\/bannedvideos.net\/de\/der-junge-der-ein-schaedel-hirn-trauma-erlitten-hat-kann-nun-mit-seinem-vater-dreirad-fahren-und-einen-traktor-fahren\/"},"wordCount":264,"publisher":{"@id":"https:\/\/bannedvideos.net\/en\/#organization"},"image":{"@id":"https:\/\/bannedvideos.net\/de\/der-junge-der-ein-schaedel-hirn-trauma-erlitten-hat-kann-nun-mit-seinem-vater-dreirad-fahren-und-einen-traktor-fahren\/#primaryimage"},"thumbnailUrl":"https:\/\/bannedvideos.net\/wp-content\/uploads\/2023\/10\/849060886.jpg","articleSection":["Traumatisches Gehirn verletzt"],"inLanguage":"de"},{"@type":"WebPage","@id":"https:\/\/bannedvideos.net\/de\/der-junge-der-ein-schaedel-hirn-trauma-erlitten-hat-kann-nun-mit-seinem-vater-dreirad-fahren-und-einen-traktor-fahren\/","url":"https:\/\/bannedvideos.net\/de\/der-junge-der-ein-schaedel-hirn-trauma-erlitten-hat-kann-nun-mit-seinem-vater-dreirad-fahren-und-einen-traktor-fahren\/","name":"Der Junge, der ein Sch\u00e4del-Hirn-Trauma erlitten hat, kann nun mit seinem Vater Dreirad fahren und einen Traktor fahren - Banned videos","isPartOf":{"@id":"https:\/\/bannedvideos.net\/en\/#website"},"primaryImageOfPage":{"@id":"https:\/\/bannedvideos.net\/de\/der-junge-der-ein-schaedel-hirn-trauma-erlitten-hat-kann-nun-mit-seinem-vater-dreirad-fahren-und-einen-traktor-fahren\/#primaryimage"},"image":{"@id":"https:\/\/bannedvideos.net\/de\/der-junge-der-ein-schaedel-hirn-trauma-erlitten-hat-kann-nun-mit-seinem-vater-dreirad-fahren-und-einen-traktor-fahren\/#primaryimage"},"thumbnailUrl":"https:\/\/bannedvideos.net\/wp-content\/uploads\/2023\/10\/849060886.jpg","datePublished":"2023-02-01T22:26:44+00:00","dateModified":"2023-10-23T22:32:31+00:00","breadcrumb":{"@id":"https:\/\/bannedvideos.net\/de\/der-junge-der-ein-schaedel-hirn-trauma-erlitten-hat-kann-nun-mit-seinem-vater-dreirad-fahren-und-einen-traktor-fahren\/#breadcrumb"},"inLanguage":"de","potentialAction":[{"@type":"ReadAction","target":["https:\/\/bannedvideos.net\/de\/der-junge-der-ein-schaedel-hirn-trauma-erlitten-hat-kann-nun-mit-seinem-vater-dreirad-fahren-und-einen-traktor-fahren\/"]}]},{"@type":"ImageObject","inLanguage":"de","@id":"https:\/\/bannedvideos.net\/de\/der-junge-der-ein-schaedel-hirn-trauma-erlitten-hat-kann-nun-mit-seinem-vater-dreirad-fahren-und-einen-traktor-fahren\/#primaryimage","url":"https:\/\/bannedvideos.net\/wp-content\/uploads\/2023\/10\/849060886.jpg","contentUrl":"https:\/\/bannedvideos.net\/wp-content\/uploads\/2023\/10\/849060886.jpg","width":295,"height":166},{"@type":"BreadcrumbList","@id":"https:\/\/bannedvideos.net\/de\/der-junge-der-ein-schaedel-hirn-trauma-erlitten-hat-kann-nun-mit-seinem-vater-dreirad-fahren-und-einen-traktor-fahren\/#breadcrumb","itemListElement":[{"@type":"ListItem","position":1,"name":"Home","item":"https:\/\/bannedvideos.net\/de\/"},{"@type":"ListItem","position":2,"name":"Der Junge, der ein Sch\u00e4del-Hirn-Trauma erlitten hat, kann nun mit seinem Vater Dreirad fahren und einen Traktor fahren"}]},{"@type":"WebSite","@id":"https:\/\/bannedvideos.net\/en\/#website","url":"https:\/\/bannedvideos.net\/en\/","name":"Banned videos","description":"","publisher":{"@id":"https:\/\/bannedvideos.net\/en\/#organization"},"potentialAction":[{"@type":"SearchAction","target":{"@type":"EntryPoint","urlTemplate":"https:\/\/bannedvideos.net\/en\/?s={search_term_string}"},"query-input":{"@type":"PropertyValueSpecification","valueRequired":true,"valueName":"search_term_string"}}],"inLanguage":"de"},{"@type":"Organization","@id":"https:\/\/bannedvideos.net\/en\/#organization","name":"Banned videos","url":"https:\/\/bannedvideos.net\/en\/","logo":{"@type":"ImageObject","inLanguage":"de","@id":"https:\/\/bannedvideos.net\/en\/#\/schema\/logo\/image\/","url":"https:\/\/bannedvideos.net\/wp-content\/uploads\/2022\/07\/logo.png","contentUrl":"https:\/\/bannedvideos.net\/wp-content\/uploads\/2022\/07\/logo.png","width":1496,"height":1441,"caption":"Banned videos"},"image":{"@id":"https:\/\/bannedvideos.net\/en\/#\/schema\/logo\/image\/"}},{"@type":"Person","@id":"https:\/\/bannedvideos.net\/en\/#\/schema\/person\/6901bae47f89066856a9d2c7faa5ebd2","name":"bannedvideos","image":{"@type":"ImageObject","inLanguage":"de","@id":"https:\/\/bannedvideos.net\/en\/#\/schema\/person\/image\/","url":"https:\/\/secure.gravatar.com\/avatar\/1f862b55a0861f605d25254d402b1f68536d9e9d320d9e14040debcefacf6342?s=96&d=mm&r=g","contentUrl":"https:\/\/secure.gravatar.com\/avatar\/1f862b55a0861f605d25254d402b1f68536d9e9d320d9e14040debcefacf6342?s=96&d=mm&r=g","caption":"bannedvideos"}}]}},"_links":{"self":[{"href":"https:\/\/bannedvideos.net\/de\/wp-json\/wp\/v2\/posts\/97144","targetHints":{"allow":["GET"]}}],"collection":[{"href":"https:\/\/bannedvideos.net\/de\/wp-json\/wp\/v2\/posts"}],"about":[{"href":"https:\/\/bannedvideos.net\/de\/wp-json\/wp\/v2\/types\/post"}],"author":[{"embeddable":true,"href":"https:\/\/bannedvideos.net\/de\/wp-json\/wp\/v2\/users\/4"}],"replies":[{"embeddable":true,"href":"https:\/\/bannedvideos.net\/de\/wp-json\/wp\/v2\/comments?post=97144"}],"version-history":[{"count":0,"href":"https:\/\/bannedvideos.net\/de\/wp-json\/wp\/v2\/posts\/97144\/revisions"}],"wp:featuredmedia":[{"embeddable":true,"href":"https:\/\/bannedvideos.net\/de\/wp-json\/wp\/v2\/media\/97145"}],"wp:attachment":[{"href":"https:\/\/bannedvideos.net\/de\/wp-json\/wp\/v2\/media?parent=97144"}],"wp:term":[{"taxonomy":"category","embeddable":true,"href":"https:\/\/bannedvideos.net\/de\/wp-json\/wp\/v2\/categories?post=97144"},{"taxonomy":"post_tag","embeddable":true,"href":"https:\/\/bannedvideos.net\/de\/wp-json\/wp\/v2\/tags?post=97144"}],"curies":[{"name":"wp","href":"https:\/\/api.w.org\/{rel}","templated":true}]}}