{"id":131272,"date":"2025-09-10T14:14:56","date_gmt":"2025-09-10T12:14:56","guid":{"rendered":"https:\/\/bannedvideos.net\/maria-dejo-de-tomar-sus-medicamentos-para-la-alergia-y-el-asma\/"},"modified":"2025-11-02T16:00:58","modified_gmt":"2025-11-02T14:00:58","slug":"maria-dejo-de-tomar-sus-medicamentos-para-la-alergia-y-el-asma","status":"publish","type":"post","link":"https:\/\/bannedvideos.net\/es\/maria-dejo-de-tomar-sus-medicamentos-para-la-alergia-y-el-asma\/","title":{"rendered":"M\u00e1ria dej\u00f3 de tomar sus medicamentos para la alergia y el asma"},"content":{"rendered":"<p>A M\u00e1ria le diagnosticaron tuberculosis, pero no recibi\u00f3 tratamiento. Busc\u00f3 maneras de ayudarse a s\u00ed misma y encontr\u00f3 una soluci\u00f3n alternativa. Su condici\u00f3n mejor\u00f3 significativamente y pudo dejar de tomar sus medicamentos para el asma y las alergias. Ya no tiene problemas respiratorios. Se siente tan llena de energ\u00eda como hace 20 a\u00f1os.<\/p>\n","protected":false},"excerpt":{"rendered":"<p>A M\u00e1ria le diagnosticaron tuberculosis, pero no recibi\u00f3 tratamiento. Busc\u00f3 maneras de ayudarse a s\u00ed misma y encontr\u00f3 una soluci\u00f3n alternativa. Su condici\u00f3n mejor\u00f3 significativamente y pudo dejar de tomar sus medicamentos para el asma y las alergias. Ya no tiene problemas respiratorios. Se siente tan llena de energ\u00eda como hace 20 a\u00f1os.<\/p>\n","protected":false},"author":0,"featured_media":131273,"comment_status":"closed","ping_status":"closed","sticky":false,"template":"","format":"video","meta":{"footnotes":""},"categories":[619,630,812],"tags":[],"class_list":{"0":"post-131272","1":"post","2":"type-post","3":"status-publish","4":"format-video","5":"has-post-thumbnail","7":"category-alergia","8":"category-asma","9":"category-enfermedades-pulmonares","10":"post_format-post-format-video"},"yoast_head":"<!-- This site is optimized with the Yoast SEO plugin v26.4 - https:\/\/yoast.com\/wordpress\/plugins\/seo\/ -->\n<title>M\u00e1ria dej\u00f3 de tomar sus medicamentos para la alergia y el asma - Banned videos<\/title>\n<meta name=\"robots\" content=\"index, follow, max-snippet:-1, max-image-preview:large, max-video-preview:-1\" \/>\n<link rel=\"canonical\" href=\"https:\/\/bannedvideos.net\/es\/maria-dejo-de-tomar-sus-medicamentos-para-la-alergia-y-el-asma\/\" \/>\n<meta property=\"og:locale\" content=\"es_ES\" \/>\n<meta property=\"og:type\" content=\"article\" \/>\n<meta property=\"og:title\" content=\"M\u00e1ria dej\u00f3 de tomar sus medicamentos para la alergia y el asma - Banned videos\" \/>\n<meta property=\"og:description\" content=\"A M\u00e1ria le diagnosticaron tuberculosis, pero no recibi\u00f3 tratamiento. Busc\u00f3 maneras de ayudarse a s\u00ed misma y encontr\u00f3 una soluci\u00f3n alternativa. Su condici\u00f3n mejor\u00f3 significativamente y pudo dejar de tomar sus medicamentos para el asma y las alergias. Ya no tiene problemas respiratorios. Se siente tan llena de energ\u00eda como hace 20 a\u00f1os.\" \/>\n<meta property=\"og:url\" content=\"https:\/\/bannedvideos.net\/es\/maria-dejo-de-tomar-sus-medicamentos-para-la-alergia-y-el-asma\/\" \/>\n<meta property=\"og:site_name\" content=\"Banned videos\" \/>\n<meta property=\"article:published_time\" content=\"2025-09-10T12:14:56+00:00\" \/>\n<meta property=\"article:modified_time\" content=\"2025-11-02T14:00:58+00:00\" \/>\n<meta property=\"og:image\" content=\"https:\/\/bannedvideos.net\/wp-content\/uploads\/2025\/11\/1099661697.jpg\" \/>\n\t<meta property=\"og:image:width\" content=\"295\" \/>\n\t<meta property=\"og:image:height\" content=\"166\" \/>\n\t<meta property=\"og:image:type\" content=\"image\/jpeg\" \/>\n<meta name=\"twitter:card\" content=\"summary_large_image\" \/>\n<script type=\"application\/ld+json\" class=\"yoast-schema-graph\">{\"@context\":\"https:\/\/schema.org\",\"@graph\":[{\"@type\":\"ScholarlyArticle\",\"@id\":\"https:\/\/bannedvideos.net\/es\/maria-dejo-de-tomar-sus-medicamentos-para-la-alergia-y-el-asma\/#article\",\"isPartOf\":{\"@id\":\"https:\/\/bannedvideos.net\/es\/maria-dejo-de-tomar-sus-medicamentos-para-la-alergia-y-el-asma\/\"},\"author\":{\"name\":\"\",\"@id\":\"\"},\"headline\":\"M\u00e1ria dej\u00f3 de tomar sus medicamentos para la alergia y el asma\",\"datePublished\":\"2025-09-10T12:14:56+00:00\",\"dateModified\":\"2025-11-02T14:00:58+00:00\",\"mainEntityOfPage\":{\"@id\":\"https:\/\/bannedvideos.net\/es\/maria-dejo-de-tomar-sus-medicamentos-para-la-alergia-y-el-asma\/\"},\"wordCount\":70,\"publisher\":{\"@id\":\"https:\/\/bannedvideos.net\/en\/#organization\"},\"image\":{\"@id\":\"https:\/\/bannedvideos.net\/es\/maria-dejo-de-tomar-sus-medicamentos-para-la-alergia-y-el-asma\/#primaryimage\"},\"thumbnailUrl\":\"https:\/\/bannedvideos.net\/wp-content\/uploads\/2025\/11\/1099661697.jpg\",\"articleSection\":[\"Alergia\",\"Asma\",\"Enfermedades pulmonares\"],\"inLanguage\":\"es\"},{\"@type\":\"WebPage\",\"@id\":\"https:\/\/bannedvideos.net\/es\/maria-dejo-de-tomar-sus-medicamentos-para-la-alergia-y-el-asma\/\",\"url\":\"https:\/\/bannedvideos.net\/es\/maria-dejo-de-tomar-sus-medicamentos-para-la-alergia-y-el-asma\/\",\"name\":\"M\u00e1ria dej\u00f3 de tomar sus medicamentos para la alergia y el asma - Banned videos\",\"isPartOf\":{\"@id\":\"https:\/\/bannedvideos.net\/en\/#website\"},\"primaryImageOfPage\":{\"@id\":\"https:\/\/bannedvideos.net\/es\/maria-dejo-de-tomar-sus-medicamentos-para-la-alergia-y-el-asma\/#primaryimage\"},\"image\":{\"@id\":\"https:\/\/bannedvideos.net\/es\/maria-dejo-de-tomar-sus-medicamentos-para-la-alergia-y-el-asma\/#primaryimage\"},\"thumbnailUrl\":\"https:\/\/bannedvideos.net\/wp-content\/uploads\/2025\/11\/1099661697.jpg\",\"datePublished\":\"2025-09-10T12:14:56+00:00\",\"dateModified\":\"2025-11-02T14:00:58+00:00\",\"breadcrumb\":{\"@id\":\"https:\/\/bannedvideos.net\/es\/maria-dejo-de-tomar-sus-medicamentos-para-la-alergia-y-el-asma\/#breadcrumb\"},\"inLanguage\":\"es\",\"potentialAction\":[{\"@type\":\"ReadAction\",\"target\":[\"https:\/\/bannedvideos.net\/es\/maria-dejo-de-tomar-sus-medicamentos-para-la-alergia-y-el-asma\/\"]}]},{\"@type\":\"ImageObject\",\"inLanguage\":\"es\",\"@id\":\"https:\/\/bannedvideos.net\/es\/maria-dejo-de-tomar-sus-medicamentos-para-la-alergia-y-el-asma\/#primaryimage\",\"url\":\"https:\/\/bannedvideos.net\/wp-content\/uploads\/2025\/11\/1099661697.jpg\",\"contentUrl\":\"https:\/\/bannedvideos.net\/wp-content\/uploads\/2025\/11\/1099661697.jpg\",\"width\":295,\"height\":166},{\"@type\":\"BreadcrumbList\",\"@id\":\"https:\/\/bannedvideos.net\/es\/maria-dejo-de-tomar-sus-medicamentos-para-la-alergia-y-el-asma\/#breadcrumb\",\"itemListElement\":[{\"@type\":\"ListItem\",\"position\":1,\"name\":\"Home\",\"item\":\"https:\/\/bannedvideos.net\/es\/\"},{\"@type\":\"ListItem\",\"position\":2,\"name\":\"M\u00e1ria dej\u00f3 de tomar sus medicamentos para la alergia y el asma\"}]},{\"@type\":\"WebSite\",\"@id\":\"https:\/\/bannedvideos.net\/en\/#website\",\"url\":\"https:\/\/bannedvideos.net\/en\/\",\"name\":\"Banned videos\",\"description\":\"\",\"publisher\":{\"@id\":\"https:\/\/bannedvideos.net\/en\/#organization\"},\"potentialAction\":[{\"@type\":\"SearchAction\",\"target\":{\"@type\":\"EntryPoint\",\"urlTemplate\":\"https:\/\/bannedvideos.net\/en\/?s={search_term_string}\"},\"query-input\":{\"@type\":\"PropertyValueSpecification\",\"valueRequired\":true,\"valueName\":\"search_term_string\"}}],\"inLanguage\":\"es\"},{\"@type\":\"Organization\",\"@id\":\"https:\/\/bannedvideos.net\/en\/#organization\",\"name\":\"Banned videos\",\"url\":\"https:\/\/bannedvideos.net\/en\/\",\"logo\":{\"@type\":\"ImageObject\",\"inLanguage\":\"es\",\"@id\":\"https:\/\/bannedvideos.net\/en\/#\/schema\/logo\/image\/\",\"url\":\"https:\/\/bannedvideos.net\/wp-content\/uploads\/2022\/07\/logo.png\",\"contentUrl\":\"https:\/\/bannedvideos.net\/wp-content\/uploads\/2022\/07\/logo.png\",\"width\":1496,\"height\":1441,\"caption\":\"Banned videos\"},\"image\":{\"@id\":\"https:\/\/bannedvideos.net\/en\/#\/schema\/logo\/image\/\"}}]}<\/script>\n<!-- \/ Yoast SEO plugin. -->","yoast_head_json":{"title":"M\u00e1ria dej\u00f3 de tomar sus medicamentos para la alergia y el asma - Banned videos","robots":{"index":"index","follow":"follow","max-snippet":"max-snippet:-1","max-image-preview":"max-image-preview:large","max-video-preview":"max-video-preview:-1"},"canonical":"https:\/\/bannedvideos.net\/es\/maria-dejo-de-tomar-sus-medicamentos-para-la-alergia-y-el-asma\/","og_locale":"es_ES","og_type":"article","og_title":"M\u00e1ria dej\u00f3 de tomar sus medicamentos para la alergia y el asma - Banned videos","og_description":"A M\u00e1ria le diagnosticaron tuberculosis, pero no recibi\u00f3 tratamiento. Busc\u00f3 maneras de ayudarse a s\u00ed misma y encontr\u00f3 una soluci\u00f3n alternativa. Su condici\u00f3n mejor\u00f3 significativamente y pudo dejar de tomar sus medicamentos para el asma y las alergias. Ya no tiene problemas respiratorios. Se siente tan llena de energ\u00eda como hace 20 a\u00f1os.","og_url":"https:\/\/bannedvideos.net\/es\/maria-dejo-de-tomar-sus-medicamentos-para-la-alergia-y-el-asma\/","og_site_name":"Banned videos","article_published_time":"2025-09-10T12:14:56+00:00","article_modified_time":"2025-11-02T14:00:58+00:00","og_image":[{"width":295,"height":166,"url":"https:\/\/bannedvideos.net\/wp-content\/uploads\/2025\/11\/1099661697.jpg","type":"image\/jpeg"}],"twitter_card":"summary_large_image","schema":{"@context":"https:\/\/schema.org","@graph":[{"@type":"ScholarlyArticle","@id":"https:\/\/bannedvideos.net\/es\/maria-dejo-de-tomar-sus-medicamentos-para-la-alergia-y-el-asma\/#article","isPartOf":{"@id":"https:\/\/bannedvideos.net\/es\/maria-dejo-de-tomar-sus-medicamentos-para-la-alergia-y-el-asma\/"},"author":{"name":"","@id":""},"headline":"M\u00e1ria dej\u00f3 de tomar sus medicamentos para la alergia y el asma","datePublished":"2025-09-10T12:14:56+00:00","dateModified":"2025-11-02T14:00:58+00:00","mainEntityOfPage":{"@id":"https:\/\/bannedvideos.net\/es\/maria-dejo-de-tomar-sus-medicamentos-para-la-alergia-y-el-asma\/"},"wordCount":70,"publisher":{"@id":"https:\/\/bannedvideos.net\/en\/#organization"},"image":{"@id":"https:\/\/bannedvideos.net\/es\/maria-dejo-de-tomar-sus-medicamentos-para-la-alergia-y-el-asma\/#primaryimage"},"thumbnailUrl":"https:\/\/bannedvideos.net\/wp-content\/uploads\/2025\/11\/1099661697.jpg","articleSection":["Alergia","Asma","Enfermedades pulmonares"],"inLanguage":"es"},{"@type":"WebPage","@id":"https:\/\/bannedvideos.net\/es\/maria-dejo-de-tomar-sus-medicamentos-para-la-alergia-y-el-asma\/","url":"https:\/\/bannedvideos.net\/es\/maria-dejo-de-tomar-sus-medicamentos-para-la-alergia-y-el-asma\/","name":"M\u00e1ria dej\u00f3 de tomar sus medicamentos para la alergia y el asma - Banned videos","isPartOf":{"@id":"https:\/\/bannedvideos.net\/en\/#website"},"primaryImageOfPage":{"@id":"https:\/\/bannedvideos.net\/es\/maria-dejo-de-tomar-sus-medicamentos-para-la-alergia-y-el-asma\/#primaryimage"},"image":{"@id":"https:\/\/bannedvideos.net\/es\/maria-dejo-de-tomar-sus-medicamentos-para-la-alergia-y-el-asma\/#primaryimage"},"thumbnailUrl":"https:\/\/bannedvideos.net\/wp-content\/uploads\/2025\/11\/1099661697.jpg","datePublished":"2025-09-10T12:14:56+00:00","dateModified":"2025-11-02T14:00:58+00:00","breadcrumb":{"@id":"https:\/\/bannedvideos.net\/es\/maria-dejo-de-tomar-sus-medicamentos-para-la-alergia-y-el-asma\/#breadcrumb"},"inLanguage":"es","potentialAction":[{"@type":"ReadAction","target":["https:\/\/bannedvideos.net\/es\/maria-dejo-de-tomar-sus-medicamentos-para-la-alergia-y-el-asma\/"]}]},{"@type":"ImageObject","inLanguage":"es","@id":"https:\/\/bannedvideos.net\/es\/maria-dejo-de-tomar-sus-medicamentos-para-la-alergia-y-el-asma\/#primaryimage","url":"https:\/\/bannedvideos.net\/wp-content\/uploads\/2025\/11\/1099661697.jpg","contentUrl":"https:\/\/bannedvideos.net\/wp-content\/uploads\/2025\/11\/1099661697.jpg","width":295,"height":166},{"@type":"BreadcrumbList","@id":"https:\/\/bannedvideos.net\/es\/maria-dejo-de-tomar-sus-medicamentos-para-la-alergia-y-el-asma\/#breadcrumb","itemListElement":[{"@type":"ListItem","position":1,"name":"Home","item":"https:\/\/bannedvideos.net\/es\/"},{"@type":"ListItem","position":2,"name":"M\u00e1ria dej\u00f3 de tomar sus medicamentos para la alergia y el asma"}]},{"@type":"WebSite","@id":"https:\/\/bannedvideos.net\/en\/#website","url":"https:\/\/bannedvideos.net\/en\/","name":"Banned videos","description":"","publisher":{"@id":"https:\/\/bannedvideos.net\/en\/#organization"},"potentialAction":[{"@type":"SearchAction","target":{"@type":"EntryPoint","urlTemplate":"https:\/\/bannedvideos.net\/en\/?s={search_term_string}"},"query-input":{"@type":"PropertyValueSpecification","valueRequired":true,"valueName":"search_term_string"}}],"inLanguage":"es"},{"@type":"Organization","@id":"https:\/\/bannedvideos.net\/en\/#organization","name":"Banned videos","url":"https:\/\/bannedvideos.net\/en\/","logo":{"@type":"ImageObject","inLanguage":"es","@id":"https:\/\/bannedvideos.net\/en\/#\/schema\/logo\/image\/","url":"https:\/\/bannedvideos.net\/wp-content\/uploads\/2022\/07\/logo.png","contentUrl":"https:\/\/bannedvideos.net\/wp-content\/uploads\/2022\/07\/logo.png","width":1496,"height":1441,"caption":"Banned videos"},"image":{"@id":"https:\/\/bannedvideos.net\/en\/#\/schema\/logo\/image\/"}}]}},"_links":{"self":[{"href":"https:\/\/bannedvideos.net\/es\/wp-json\/wp\/v2\/posts\/131272","targetHints":{"allow":["GET"]}}],"collection":[{"href":"https:\/\/bannedvideos.net\/es\/wp-json\/wp\/v2\/posts"}],"about":[{"href":"https:\/\/bannedvideos.net\/es\/wp-json\/wp\/v2\/types\/post"}],"replies":[{"embeddable":true,"href":"https:\/\/bannedvideos.net\/es\/wp-json\/wp\/v2\/comments?post=131272"}],"version-history":[{"count":0,"href":"https:\/\/bannedvideos.net\/es\/wp-json\/wp\/v2\/posts\/131272\/revisions"}],"wp:featuredmedia":[{"embeddable":true,"href":"https:\/\/bannedvideos.net\/es\/wp-json\/wp\/v2\/media\/131273"}],"wp:attachment":[{"href":"https:\/\/bannedvideos.net\/es\/wp-json\/wp\/v2\/media?parent=131272"}],"wp:term":[{"taxonomy":"category","embeddable":true,"href":"https:\/\/bannedvideos.net\/es\/wp-json\/wp\/v2\/categories?post=131272"},{"taxonomy":"post_tag","embeddable":true,"href":"https:\/\/bannedvideos.net\/es\/wp-json\/wp\/v2\/tags?post=131272"}],"curies":[{"name":"wp","href":"https:\/\/api.w.org\/{rel}","templated":true}]}}