{"id":60760,"date":"2022-07-04T17:00:31","date_gmt":"2022-07-04T15:00:31","guid":{"rendered":"https:\/\/bannedvideos.net\/el-nino-que-vivia-con-una-deficiencia-mental-comenzo-a-mostrar-mejoras-usando-la-proinsulina-peptido-c\/"},"modified":"2023-03-10T14:47:44","modified_gmt":"2023-03-10T12:47:44","slug":"el-nino-que-vivia-con-una-deficiencia-mental-comenzo-a-mostrar-mejoras-usando-la-proinsulina-peptido-c","status":"publish","type":"post","link":"https:\/\/bannedvideos.net\/es\/el-nino-que-vivia-con-una-deficiencia-mental-comenzo-a-mostrar-mejoras-usando-la-proinsulina-peptido-c\/","title":{"rendered":"El ni\u00f1o que viv\u00eda con una deficiencia mental comenz\u00f3 a mostrar mejoras usando la Proinsulina P\u00e9ptido-C"},"content":{"rendered":"<p>Benj\u00e1min naci\u00f3 a los 8 meses con asfixia al nacer. Le diagnosticaron par\u00e1lisis cerebral, lo que significa que debido a un d\u00e9ficit en el desarrollo de su sistema nervioso, sufre discapacidades f\u00edsicas. Seg\u00fan los m\u00e9dicos, el ni\u00f1o nunca podr\u00e1 caminar.<\/p>\n<p>Despu\u00e9s de comenzar a usar el P\u00e9ptido C, los padres notaron que el sistema nervioso del ni\u00f1o mostraba cada vez m\u00e1s signos de desarrollo, sus funciones motoras estaban mejorando. Benj\u00e1min ahora puede usar el columpio e incluso nadar felizmente y su apetito ha mejorado, lo que antes era un problema. Tambi\u00e9n empez\u00f3 a comunicarse a trav\u00e9s de gestos.<\/p>\n","protected":false},"excerpt":{"rendered":"<p>Benj\u00e1min naci\u00f3 a los 8 meses con asfixia al nacer. Le diagnosticaron par\u00e1lisis cerebral, lo que significa que debido a un d\u00e9ficit en el desarrollo de su sistema nervioso, sufre discapacidades f\u00edsicas. Seg\u00fan los m\u00e9dicos, el ni\u00f1o nunca podr\u00e1 caminar. Despu\u00e9s de comenzar a usar el P\u00e9ptido C, los padres notaron que el sistema nervioso [&hellip;]<\/p>\n","protected":false},"author":1,"featured_media":58769,"comment_status":"closed","ping_status":"closed","sticky":false,"template":"","format":"video","meta":{"footnotes":""},"categories":[153,707],"tags":[],"class_list":{"0":"post-60760","1":"post","2":"type-post","3":"status-publish","4":"format-video","5":"has-post-thumbnail","7":"category-sistema-nervioso","8":"category-trastornos-del-desarrollo","9":"post_format-post-format-video"},"yoast_head":"<!-- This site is optimized with the Yoast SEO plugin v26.4 - https:\/\/yoast.com\/wordpress\/plugins\/seo\/ -->\n<title>El ni\u00f1o que viv\u00eda con una deficiencia mental comenz\u00f3 a mostrar mejoras usando la Proinsulina P\u00e9ptido-C - Banned videos<\/title>\n<meta name=\"robots\" content=\"index, follow, max-snippet:-1, max-image-preview:large, max-video-preview:-1\" \/>\n<link rel=\"canonical\" href=\"https:\/\/bannedvideos.net\/es\/el-nino-que-vivia-con-una-deficiencia-mental-comenzo-a-mostrar-mejoras-usando-la-proinsulina-peptido-c\/\" \/>\n<meta property=\"og:locale\" content=\"es_ES\" \/>\n<meta property=\"og:type\" content=\"article\" \/>\n<meta property=\"og:title\" content=\"El ni\u00f1o que viv\u00eda con una deficiencia mental comenz\u00f3 a mostrar mejoras usando la Proinsulina P\u00e9ptido-C - Banned videos\" \/>\n<meta property=\"og:description\" content=\"Benj\u00e1min naci\u00f3 a los 8 meses con asfixia al nacer. Le diagnosticaron par\u00e1lisis cerebral, lo que significa que debido a un d\u00e9ficit en el desarrollo de su sistema nervioso, sufre discapacidades f\u00edsicas. Seg\u00fan los m\u00e9dicos, el ni\u00f1o nunca podr\u00e1 caminar. Despu\u00e9s de comenzar a usar el P\u00e9ptido C, los padres notaron que el sistema nervioso [&hellip;]\" \/>\n<meta property=\"og:url\" content=\"https:\/\/bannedvideos.net\/es\/el-nino-que-vivia-con-una-deficiencia-mental-comenzo-a-mostrar-mejoras-usando-la-proinsulina-peptido-c\/\" \/>\n<meta property=\"og:site_name\" content=\"Banned videos\" \/>\n<meta property=\"article:published_time\" content=\"2022-07-04T15:00:31+00:00\" \/>\n<meta property=\"article:modified_time\" content=\"2023-03-10T12:47:44+00:00\" \/>\n<meta property=\"og:image\" content=\"https:\/\/bannedvideos.net\/wp-content\/uploads\/2022\/10\/707791230.jpg\" \/>\n\t<meta property=\"og:image:width\" content=\"295\" \/>\n\t<meta property=\"og:image:height\" content=\"166\" \/>\n\t<meta property=\"og:image:type\" content=\"image\/jpeg\" \/>\n<meta name=\"author\" content=\"bannedvideos\" \/>\n<meta name=\"twitter:card\" content=\"summary_large_image\" \/>\n<meta name=\"twitter:label1\" content=\"Escrito por\" \/>\n\t<meta name=\"twitter:data1\" content=\"bannedvideos\" \/>\n\t<meta name=\"twitter:label2\" content=\"Tiempo de lectura\" \/>\n\t<meta name=\"twitter:data2\" content=\"1 minuto\" \/>\n<script type=\"application\/ld+json\" class=\"yoast-schema-graph\">{\"@context\":\"https:\/\/schema.org\",\"@graph\":[{\"@type\":\"ScholarlyArticle\",\"@id\":\"https:\/\/bannedvideos.net\/es\/el-nino-que-vivia-con-una-deficiencia-mental-comenzo-a-mostrar-mejoras-usando-la-proinsulina-peptido-c\/#article\",\"isPartOf\":{\"@id\":\"https:\/\/bannedvideos.net\/es\/el-nino-que-vivia-con-una-deficiencia-mental-comenzo-a-mostrar-mejoras-usando-la-proinsulina-peptido-c\/\"},\"author\":{\"name\":\"bannedvideos\",\"@id\":\"https:\/\/bannedvideos.net\/en\/#\/schema\/person\/5e11e476417d892fdf821a0299f37a62\"},\"headline\":\"El ni\u00f1o que viv\u00eda con una deficiencia mental comenz\u00f3 a mostrar mejoras usando la Proinsulina P\u00e9ptido-C\",\"datePublished\":\"2022-07-04T15:00:31+00:00\",\"dateModified\":\"2023-03-10T12:47:44+00:00\",\"mainEntityOfPage\":{\"@id\":\"https:\/\/bannedvideos.net\/es\/el-nino-que-vivia-con-una-deficiencia-mental-comenzo-a-mostrar-mejoras-usando-la-proinsulina-peptido-c\/\"},\"wordCount\":130,\"publisher\":{\"@id\":\"https:\/\/bannedvideos.net\/en\/#organization\"},\"image\":{\"@id\":\"https:\/\/bannedvideos.net\/es\/el-nino-que-vivia-con-una-deficiencia-mental-comenzo-a-mostrar-mejoras-usando-la-proinsulina-peptido-c\/#primaryimage\"},\"thumbnailUrl\":\"https:\/\/bannedvideos.net\/wp-content\/uploads\/2022\/10\/707791230.jpg\",\"articleSection\":[\"Sistema nervioso\",\"Trastornos del desarrollo\"],\"inLanguage\":\"es\"},{\"@type\":\"WebPage\",\"@id\":\"https:\/\/bannedvideos.net\/es\/el-nino-que-vivia-con-una-deficiencia-mental-comenzo-a-mostrar-mejoras-usando-la-proinsulina-peptido-c\/\",\"url\":\"https:\/\/bannedvideos.net\/es\/el-nino-que-vivia-con-una-deficiencia-mental-comenzo-a-mostrar-mejoras-usando-la-proinsulina-peptido-c\/\",\"name\":\"El ni\u00f1o que viv\u00eda con una deficiencia mental comenz\u00f3 a mostrar mejoras usando la Proinsulina P\u00e9ptido-C - Banned videos\",\"isPartOf\":{\"@id\":\"https:\/\/bannedvideos.net\/en\/#website\"},\"primaryImageOfPage\":{\"@id\":\"https:\/\/bannedvideos.net\/es\/el-nino-que-vivia-con-una-deficiencia-mental-comenzo-a-mostrar-mejoras-usando-la-proinsulina-peptido-c\/#primaryimage\"},\"image\":{\"@id\":\"https:\/\/bannedvideos.net\/es\/el-nino-que-vivia-con-una-deficiencia-mental-comenzo-a-mostrar-mejoras-usando-la-proinsulina-peptido-c\/#primaryimage\"},\"thumbnailUrl\":\"https:\/\/bannedvideos.net\/wp-content\/uploads\/2022\/10\/707791230.jpg\",\"datePublished\":\"2022-07-04T15:00:31+00:00\",\"dateModified\":\"2023-03-10T12:47:44+00:00\",\"breadcrumb\":{\"@id\":\"https:\/\/bannedvideos.net\/es\/el-nino-que-vivia-con-una-deficiencia-mental-comenzo-a-mostrar-mejoras-usando-la-proinsulina-peptido-c\/#breadcrumb\"},\"inLanguage\":\"es\",\"potentialAction\":[{\"@type\":\"ReadAction\",\"target\":[\"https:\/\/bannedvideos.net\/es\/el-nino-que-vivia-con-una-deficiencia-mental-comenzo-a-mostrar-mejoras-usando-la-proinsulina-peptido-c\/\"]}]},{\"@type\":\"ImageObject\",\"inLanguage\":\"es\",\"@id\":\"https:\/\/bannedvideos.net\/es\/el-nino-que-vivia-con-una-deficiencia-mental-comenzo-a-mostrar-mejoras-usando-la-proinsulina-peptido-c\/#primaryimage\",\"url\":\"https:\/\/bannedvideos.net\/wp-content\/uploads\/2022\/10\/707791230.jpg\",\"contentUrl\":\"https:\/\/bannedvideos.net\/wp-content\/uploads\/2022\/10\/707791230.jpg\",\"width\":295,\"height\":166},{\"@type\":\"BreadcrumbList\",\"@id\":\"https:\/\/bannedvideos.net\/es\/el-nino-que-vivia-con-una-deficiencia-mental-comenzo-a-mostrar-mejoras-usando-la-proinsulina-peptido-c\/#breadcrumb\",\"itemListElement\":[{\"@type\":\"ListItem\",\"position\":1,\"name\":\"Home\",\"item\":\"https:\/\/bannedvideos.net\/es\/\"},{\"@type\":\"ListItem\",\"position\":2,\"name\":\"El ni\u00f1o que viv\u00eda con una deficiencia mental comenz\u00f3 a mostrar mejoras usando la Proinsulina P\u00e9ptido-C\"}]},{\"@type\":\"WebSite\",\"@id\":\"https:\/\/bannedvideos.net\/en\/#website\",\"url\":\"https:\/\/bannedvideos.net\/en\/\",\"name\":\"Banned videos\",\"description\":\"\",\"publisher\":{\"@id\":\"https:\/\/bannedvideos.net\/en\/#organization\"},\"potentialAction\":[{\"@type\":\"SearchAction\",\"target\":{\"@type\":\"EntryPoint\",\"urlTemplate\":\"https:\/\/bannedvideos.net\/en\/?s={search_term_string}\"},\"query-input\":{\"@type\":\"PropertyValueSpecification\",\"valueRequired\":true,\"valueName\":\"search_term_string\"}}],\"inLanguage\":\"es\"},{\"@type\":\"Organization\",\"@id\":\"https:\/\/bannedvideos.net\/en\/#organization\",\"name\":\"Banned videos\",\"url\":\"https:\/\/bannedvideos.net\/en\/\",\"logo\":{\"@type\":\"ImageObject\",\"inLanguage\":\"es\",\"@id\":\"https:\/\/bannedvideos.net\/en\/#\/schema\/logo\/image\/\",\"url\":\"https:\/\/bannedvideos.net\/wp-content\/uploads\/2022\/07\/logo.png\",\"contentUrl\":\"https:\/\/bannedvideos.net\/wp-content\/uploads\/2022\/07\/logo.png\",\"width\":1496,\"height\":1441,\"caption\":\"Banned videos\"},\"image\":{\"@id\":\"https:\/\/bannedvideos.net\/en\/#\/schema\/logo\/image\/\"}},{\"@type\":\"Person\",\"@id\":\"https:\/\/bannedvideos.net\/en\/#\/schema\/person\/5e11e476417d892fdf821a0299f37a62\",\"name\":\"bannedvideos\",\"image\":{\"@type\":\"ImageObject\",\"inLanguage\":\"es\",\"@id\":\"https:\/\/bannedvideos.net\/en\/#\/schema\/person\/image\/\",\"url\":\"https:\/\/secure.gravatar.com\/avatar\/b843d2076fa08453002de35683e5a2f818cd3e18d2d4a37f2404adb0f08098b1?s=96&d=mm&r=g\",\"contentUrl\":\"https:\/\/secure.gravatar.com\/avatar\/b843d2076fa08453002de35683e5a2f818cd3e18d2d4a37f2404adb0f08098b1?s=96&d=mm&r=g\",\"caption\":\"bannedvideos\"},\"sameAs\":[\"http:\/\/cpeptide.com\"]}]}<\/script>\n<!-- \/ Yoast SEO plugin. -->","yoast_head_json":{"title":"El ni\u00f1o que viv\u00eda con una deficiencia mental comenz\u00f3 a mostrar mejoras usando la Proinsulina P\u00e9ptido-C - Banned videos","robots":{"index":"index","follow":"follow","max-snippet":"max-snippet:-1","max-image-preview":"max-image-preview:large","max-video-preview":"max-video-preview:-1"},"canonical":"https:\/\/bannedvideos.net\/es\/el-nino-que-vivia-con-una-deficiencia-mental-comenzo-a-mostrar-mejoras-usando-la-proinsulina-peptido-c\/","og_locale":"es_ES","og_type":"article","og_title":"El ni\u00f1o que viv\u00eda con una deficiencia mental comenz\u00f3 a mostrar mejoras usando la Proinsulina P\u00e9ptido-C - Banned videos","og_description":"Benj\u00e1min naci\u00f3 a los 8 meses con asfixia al nacer. Le diagnosticaron par\u00e1lisis cerebral, lo que significa que debido a un d\u00e9ficit en el desarrollo de su sistema nervioso, sufre discapacidades f\u00edsicas. Seg\u00fan los m\u00e9dicos, el ni\u00f1o nunca podr\u00e1 caminar. Despu\u00e9s de comenzar a usar el P\u00e9ptido C, los padres notaron que el sistema nervioso [&hellip;]","og_url":"https:\/\/bannedvideos.net\/es\/el-nino-que-vivia-con-una-deficiencia-mental-comenzo-a-mostrar-mejoras-usando-la-proinsulina-peptido-c\/","og_site_name":"Banned videos","article_published_time":"2022-07-04T15:00:31+00:00","article_modified_time":"2023-03-10T12:47:44+00:00","og_image":[{"width":295,"height":166,"url":"https:\/\/bannedvideos.net\/wp-content\/uploads\/2022\/10\/707791230.jpg","type":"image\/jpeg"}],"author":"bannedvideos","twitter_card":"summary_large_image","twitter_misc":{"Escrito por":"bannedvideos","Tiempo de lectura":"1 minuto"},"schema":{"@context":"https:\/\/schema.org","@graph":[{"@type":"ScholarlyArticle","@id":"https:\/\/bannedvideos.net\/es\/el-nino-que-vivia-con-una-deficiencia-mental-comenzo-a-mostrar-mejoras-usando-la-proinsulina-peptido-c\/#article","isPartOf":{"@id":"https:\/\/bannedvideos.net\/es\/el-nino-que-vivia-con-una-deficiencia-mental-comenzo-a-mostrar-mejoras-usando-la-proinsulina-peptido-c\/"},"author":{"name":"bannedvideos","@id":"https:\/\/bannedvideos.net\/en\/#\/schema\/person\/5e11e476417d892fdf821a0299f37a62"},"headline":"El ni\u00f1o que viv\u00eda con una deficiencia mental comenz\u00f3 a mostrar mejoras usando la Proinsulina P\u00e9ptido-C","datePublished":"2022-07-04T15:00:31+00:00","dateModified":"2023-03-10T12:47:44+00:00","mainEntityOfPage":{"@id":"https:\/\/bannedvideos.net\/es\/el-nino-que-vivia-con-una-deficiencia-mental-comenzo-a-mostrar-mejoras-usando-la-proinsulina-peptido-c\/"},"wordCount":130,"publisher":{"@id":"https:\/\/bannedvideos.net\/en\/#organization"},"image":{"@id":"https:\/\/bannedvideos.net\/es\/el-nino-que-vivia-con-una-deficiencia-mental-comenzo-a-mostrar-mejoras-usando-la-proinsulina-peptido-c\/#primaryimage"},"thumbnailUrl":"https:\/\/bannedvideos.net\/wp-content\/uploads\/2022\/10\/707791230.jpg","articleSection":["Sistema nervioso","Trastornos del desarrollo"],"inLanguage":"es"},{"@type":"WebPage","@id":"https:\/\/bannedvideos.net\/es\/el-nino-que-vivia-con-una-deficiencia-mental-comenzo-a-mostrar-mejoras-usando-la-proinsulina-peptido-c\/","url":"https:\/\/bannedvideos.net\/es\/el-nino-que-vivia-con-una-deficiencia-mental-comenzo-a-mostrar-mejoras-usando-la-proinsulina-peptido-c\/","name":"El ni\u00f1o que viv\u00eda con una deficiencia mental comenz\u00f3 a mostrar mejoras usando la Proinsulina P\u00e9ptido-C - Banned videos","isPartOf":{"@id":"https:\/\/bannedvideos.net\/en\/#website"},"primaryImageOfPage":{"@id":"https:\/\/bannedvideos.net\/es\/el-nino-que-vivia-con-una-deficiencia-mental-comenzo-a-mostrar-mejoras-usando-la-proinsulina-peptido-c\/#primaryimage"},"image":{"@id":"https:\/\/bannedvideos.net\/es\/el-nino-que-vivia-con-una-deficiencia-mental-comenzo-a-mostrar-mejoras-usando-la-proinsulina-peptido-c\/#primaryimage"},"thumbnailUrl":"https:\/\/bannedvideos.net\/wp-content\/uploads\/2022\/10\/707791230.jpg","datePublished":"2022-07-04T15:00:31+00:00","dateModified":"2023-03-10T12:47:44+00:00","breadcrumb":{"@id":"https:\/\/bannedvideos.net\/es\/el-nino-que-vivia-con-una-deficiencia-mental-comenzo-a-mostrar-mejoras-usando-la-proinsulina-peptido-c\/#breadcrumb"},"inLanguage":"es","potentialAction":[{"@type":"ReadAction","target":["https:\/\/bannedvideos.net\/es\/el-nino-que-vivia-con-una-deficiencia-mental-comenzo-a-mostrar-mejoras-usando-la-proinsulina-peptido-c\/"]}]},{"@type":"ImageObject","inLanguage":"es","@id":"https:\/\/bannedvideos.net\/es\/el-nino-que-vivia-con-una-deficiencia-mental-comenzo-a-mostrar-mejoras-usando-la-proinsulina-peptido-c\/#primaryimage","url":"https:\/\/bannedvideos.net\/wp-content\/uploads\/2022\/10\/707791230.jpg","contentUrl":"https:\/\/bannedvideos.net\/wp-content\/uploads\/2022\/10\/707791230.jpg","width":295,"height":166},{"@type":"BreadcrumbList","@id":"https:\/\/bannedvideos.net\/es\/el-nino-que-vivia-con-una-deficiencia-mental-comenzo-a-mostrar-mejoras-usando-la-proinsulina-peptido-c\/#breadcrumb","itemListElement":[{"@type":"ListItem","position":1,"name":"Home","item":"https:\/\/bannedvideos.net\/es\/"},{"@type":"ListItem","position":2,"name":"El ni\u00f1o que viv\u00eda con una deficiencia mental comenz\u00f3 a mostrar mejoras usando la Proinsulina P\u00e9ptido-C"}]},{"@type":"WebSite","@id":"https:\/\/bannedvideos.net\/en\/#website","url":"https:\/\/bannedvideos.net\/en\/","name":"Banned videos","description":"","publisher":{"@id":"https:\/\/bannedvideos.net\/en\/#organization"},"potentialAction":[{"@type":"SearchAction","target":{"@type":"EntryPoint","urlTemplate":"https:\/\/bannedvideos.net\/en\/?s={search_term_string}"},"query-input":{"@type":"PropertyValueSpecification","valueRequired":true,"valueName":"search_term_string"}}],"inLanguage":"es"},{"@type":"Organization","@id":"https:\/\/bannedvideos.net\/en\/#organization","name":"Banned videos","url":"https:\/\/bannedvideos.net\/en\/","logo":{"@type":"ImageObject","inLanguage":"es","@id":"https:\/\/bannedvideos.net\/en\/#\/schema\/logo\/image\/","url":"https:\/\/bannedvideos.net\/wp-content\/uploads\/2022\/07\/logo.png","contentUrl":"https:\/\/bannedvideos.net\/wp-content\/uploads\/2022\/07\/logo.png","width":1496,"height":1441,"caption":"Banned videos"},"image":{"@id":"https:\/\/bannedvideos.net\/en\/#\/schema\/logo\/image\/"}},{"@type":"Person","@id":"https:\/\/bannedvideos.net\/en\/#\/schema\/person\/5e11e476417d892fdf821a0299f37a62","name":"bannedvideos","image":{"@type":"ImageObject","inLanguage":"es","@id":"https:\/\/bannedvideos.net\/en\/#\/schema\/person\/image\/","url":"https:\/\/secure.gravatar.com\/avatar\/b843d2076fa08453002de35683e5a2f818cd3e18d2d4a37f2404adb0f08098b1?s=96&d=mm&r=g","contentUrl":"https:\/\/secure.gravatar.com\/avatar\/b843d2076fa08453002de35683e5a2f818cd3e18d2d4a37f2404adb0f08098b1?s=96&d=mm&r=g","caption":"bannedvideos"},"sameAs":["http:\/\/cpeptide.com"]}]}},"_links":{"self":[{"href":"https:\/\/bannedvideos.net\/es\/wp-json\/wp\/v2\/posts\/60760","targetHints":{"allow":["GET"]}}],"collection":[{"href":"https:\/\/bannedvideos.net\/es\/wp-json\/wp\/v2\/posts"}],"about":[{"href":"https:\/\/bannedvideos.net\/es\/wp-json\/wp\/v2\/types\/post"}],"author":[{"embeddable":true,"href":"https:\/\/bannedvideos.net\/es\/wp-json\/wp\/v2\/users\/1"}],"replies":[{"embeddable":true,"href":"https:\/\/bannedvideos.net\/es\/wp-json\/wp\/v2\/comments?post=60760"}],"version-history":[{"count":1,"href":"https:\/\/bannedvideos.net\/es\/wp-json\/wp\/v2\/posts\/60760\/revisions"}],"predecessor-version":[{"id":70072,"href":"https:\/\/bannedvideos.net\/es\/wp-json\/wp\/v2\/posts\/60760\/revisions\/70072"}],"wp:featuredmedia":[{"embeddable":true,"href":"https:\/\/bannedvideos.net\/es\/wp-json\/wp\/v2\/media\/58769"}],"wp:attachment":[{"href":"https:\/\/bannedvideos.net\/es\/wp-json\/wp\/v2\/media?parent=60760"}],"wp:term":[{"taxonomy":"category","embeddable":true,"href":"https:\/\/bannedvideos.net\/es\/wp-json\/wp\/v2\/categories?post=60760"},{"taxonomy":"post_tag","embeddable":true,"href":"https:\/\/bannedvideos.net\/es\/wp-json\/wp\/v2\/tags?post=60760"}],"curies":[{"name":"wp","href":"https:\/\/api.w.org\/{rel}","templated":true}]}}