{"id":60822,"date":"2023-02-02T00:26:26","date_gmt":"2023-02-01T22:26:26","guid":{"rendered":"https:\/\/bannedvideos.net\/iren-fue-llevada-al-hospital-en-ambulancia-con-una-presion-arterial-de-250-despues-de-unos-dias-en-el-hospital-tambien-contrajo-covid\/"},"modified":"2023-03-10T14:54:31","modified_gmt":"2023-03-10T12:54:31","slug":"iren-fue-llevada-al-hospital-en-ambulancia-con-una-presion-arterial-de-250-despues-de-unos-dias-en-el-hospital-tambien-contrajo-covid","status":"publish","type":"post","link":"https:\/\/bannedvideos.net\/es\/iren-fue-llevada-al-hospital-en-ambulancia-con-una-presion-arterial-de-250-despues-de-unos-dias-en-el-hospital-tambien-contrajo-covid\/","title":{"rendered":"Ir\u00e9n fue llevada al hospital en ambulancia con una presi\u00f3n arterial de 250. Despu\u00e9s de unos d\u00edas en el hospital, tambi\u00e9n contrajo COVID"},"content":{"rendered":"<p>La madre de Tibor Jankovics, de 77 a\u00f1os, fue llevada al hospital unos d\u00edas despu\u00e9s de que su hijo fuera dado de alta del hospital despu\u00e9s de haber estado hospitalizado durante varios meses; tuvo operaciones, contrajo COVID y tuvo una experiencia cercana a la muerte. Adem\u00e1s de su presi\u00f3n arterial alta, Ir\u00e9n tambi\u00e9n tiene una enfermedad card\u00edaca, pero recientemente ha visto mejoras.<\/p>\n","protected":false},"excerpt":{"rendered":"<p>La madre de Tibor Jankovics, de 77 a\u00f1os, fue llevada al hospital unos d\u00edas despu\u00e9s de que su hijo fuera dado de alta del hospital despu\u00e9s de haber estado hospitalizado durante varios meses; tuvo operaciones, contrajo COVID y tuvo una experiencia cercana a la muerte. Adem\u00e1s de su presi\u00f3n arterial alta, Ir\u00e9n tambi\u00e9n tiene una [&hellip;]<\/p>\n","protected":false},"author":1,"featured_media":59929,"comment_status":"closed","ping_status":"closed","sticky":false,"template":"","format":"video","meta":{"footnotes":""},"categories":[220],"tags":[],"class_list":{"0":"post-60822","1":"post","2":"type-post","3":"status-publish","4":"format-video","5":"has-post-thumbnail","7":"category-enfermedades-cardiovasculares","8":"post_format-post-format-video"},"yoast_head":"<!-- This site is optimized with the Yoast SEO plugin v26.4 - https:\/\/yoast.com\/wordpress\/plugins\/seo\/ -->\n<title>Ir\u00e9n fue llevada al hospital en ambulancia con una presi\u00f3n arterial de 250. Despu\u00e9s de unos d\u00edas en el hospital, tambi\u00e9n contrajo COVID - Banned videos<\/title>\n<meta name=\"robots\" content=\"index, follow, max-snippet:-1, max-image-preview:large, max-video-preview:-1\" \/>\n<link rel=\"canonical\" href=\"https:\/\/bannedvideos.net\/es\/iren-fue-llevada-al-hospital-en-ambulancia-con-una-presion-arterial-de-250-despues-de-unos-dias-en-el-hospital-tambien-contrajo-covid\/\" \/>\n<meta property=\"og:locale\" content=\"es_ES\" \/>\n<meta property=\"og:type\" content=\"article\" \/>\n<meta property=\"og:title\" content=\"Ir\u00e9n fue llevada al hospital en ambulancia con una presi\u00f3n arterial de 250. Despu\u00e9s de unos d\u00edas en el hospital, tambi\u00e9n contrajo COVID - Banned videos\" \/>\n<meta property=\"og:description\" content=\"La madre de Tibor Jankovics, de 77 a\u00f1os, fue llevada al hospital unos d\u00edas despu\u00e9s de que su hijo fuera dado de alta del hospital despu\u00e9s de haber estado hospitalizado durante varios meses; tuvo operaciones, contrajo COVID y tuvo una experiencia cercana a la muerte. Adem\u00e1s de su presi\u00f3n arterial alta, Ir\u00e9n tambi\u00e9n tiene una [&hellip;]\" \/>\n<meta property=\"og:url\" content=\"https:\/\/bannedvideos.net\/es\/iren-fue-llevada-al-hospital-en-ambulancia-con-una-presion-arterial-de-250-despues-de-unos-dias-en-el-hospital-tambien-contrajo-covid\/\" \/>\n<meta property=\"og:site_name\" content=\"Banned videos\" \/>\n<meta property=\"article:published_time\" content=\"2023-02-01T22:26:26+00:00\" \/>\n<meta property=\"article:modified_time\" content=\"2023-03-10T12:54:31+00:00\" \/>\n<meta property=\"og:image\" content=\"https:\/\/bannedvideos.net\/wp-content\/uploads\/2022\/10\/697658905.jpg\" \/>\n\t<meta property=\"og:image:width\" content=\"295\" \/>\n\t<meta property=\"og:image:height\" content=\"166\" \/>\n\t<meta property=\"og:image:type\" content=\"image\/jpeg\" \/>\n<meta name=\"author\" content=\"bannedvideos\" \/>\n<meta name=\"twitter:card\" content=\"summary_large_image\" \/>\n<meta name=\"twitter:label1\" content=\"Escrito por\" \/>\n\t<meta name=\"twitter:data1\" content=\"bannedvideos\" \/>\n<script type=\"application\/ld+json\" class=\"yoast-schema-graph\">{\"@context\":\"https:\/\/schema.org\",\"@graph\":[{\"@type\":\"ScholarlyArticle\",\"@id\":\"https:\/\/bannedvideos.net\/es\/iren-fue-llevada-al-hospital-en-ambulancia-con-una-presion-arterial-de-250-despues-de-unos-dias-en-el-hospital-tambien-contrajo-covid\/#article\",\"isPartOf\":{\"@id\":\"https:\/\/bannedvideos.net\/es\/iren-fue-llevada-al-hospital-en-ambulancia-con-una-presion-arterial-de-250-despues-de-unos-dias-en-el-hospital-tambien-contrajo-covid\/\"},\"author\":{\"name\":\"bannedvideos\",\"@id\":\"https:\/\/bannedvideos.net\/en\/#\/schema\/person\/5e11e476417d892fdf821a0299f37a62\"},\"headline\":\"Ir\u00e9n fue llevada al hospital en ambulancia con una presi\u00f3n arterial de 250. Despu\u00e9s de unos d\u00edas en el hospital, tambi\u00e9n contrajo COVID\",\"datePublished\":\"2023-02-01T22:26:26+00:00\",\"dateModified\":\"2023-03-10T12:54:31+00:00\",\"mainEntityOfPage\":{\"@id\":\"https:\/\/bannedvideos.net\/es\/iren-fue-llevada-al-hospital-en-ambulancia-con-una-presion-arterial-de-250-despues-de-unos-dias-en-el-hospital-tambien-contrajo-covid\/\"},\"wordCount\":97,\"publisher\":{\"@id\":\"https:\/\/bannedvideos.net\/en\/#organization\"},\"image\":{\"@id\":\"https:\/\/bannedvideos.net\/es\/iren-fue-llevada-al-hospital-en-ambulancia-con-una-presion-arterial-de-250-despues-de-unos-dias-en-el-hospital-tambien-contrajo-covid\/#primaryimage\"},\"thumbnailUrl\":\"https:\/\/bannedvideos.net\/wp-content\/uploads\/2022\/10\/697658905.jpg\",\"articleSection\":[\"Enfermedades cardiovasculares\"],\"inLanguage\":\"es\"},{\"@type\":\"WebPage\",\"@id\":\"https:\/\/bannedvideos.net\/es\/iren-fue-llevada-al-hospital-en-ambulancia-con-una-presion-arterial-de-250-despues-de-unos-dias-en-el-hospital-tambien-contrajo-covid\/\",\"url\":\"https:\/\/bannedvideos.net\/es\/iren-fue-llevada-al-hospital-en-ambulancia-con-una-presion-arterial-de-250-despues-de-unos-dias-en-el-hospital-tambien-contrajo-covid\/\",\"name\":\"Ir\u00e9n fue llevada al hospital en ambulancia con una presi\u00f3n arterial de 250. Despu\u00e9s de unos d\u00edas en el hospital, tambi\u00e9n contrajo COVID - Banned videos\",\"isPartOf\":{\"@id\":\"https:\/\/bannedvideos.net\/en\/#website\"},\"primaryImageOfPage\":{\"@id\":\"https:\/\/bannedvideos.net\/es\/iren-fue-llevada-al-hospital-en-ambulancia-con-una-presion-arterial-de-250-despues-de-unos-dias-en-el-hospital-tambien-contrajo-covid\/#primaryimage\"},\"image\":{\"@id\":\"https:\/\/bannedvideos.net\/es\/iren-fue-llevada-al-hospital-en-ambulancia-con-una-presion-arterial-de-250-despues-de-unos-dias-en-el-hospital-tambien-contrajo-covid\/#primaryimage\"},\"thumbnailUrl\":\"https:\/\/bannedvideos.net\/wp-content\/uploads\/2022\/10\/697658905.jpg\",\"datePublished\":\"2023-02-01T22:26:26+00:00\",\"dateModified\":\"2023-03-10T12:54:31+00:00\",\"breadcrumb\":{\"@id\":\"https:\/\/bannedvideos.net\/es\/iren-fue-llevada-al-hospital-en-ambulancia-con-una-presion-arterial-de-250-despues-de-unos-dias-en-el-hospital-tambien-contrajo-covid\/#breadcrumb\"},\"inLanguage\":\"es\",\"potentialAction\":[{\"@type\":\"ReadAction\",\"target\":[\"https:\/\/bannedvideos.net\/es\/iren-fue-llevada-al-hospital-en-ambulancia-con-una-presion-arterial-de-250-despues-de-unos-dias-en-el-hospital-tambien-contrajo-covid\/\"]}]},{\"@type\":\"ImageObject\",\"inLanguage\":\"es\",\"@id\":\"https:\/\/bannedvideos.net\/es\/iren-fue-llevada-al-hospital-en-ambulancia-con-una-presion-arterial-de-250-despues-de-unos-dias-en-el-hospital-tambien-contrajo-covid\/#primaryimage\",\"url\":\"https:\/\/bannedvideos.net\/wp-content\/uploads\/2022\/10\/697658905.jpg\",\"contentUrl\":\"https:\/\/bannedvideos.net\/wp-content\/uploads\/2022\/10\/697658905.jpg\",\"width\":295,\"height\":166},{\"@type\":\"BreadcrumbList\",\"@id\":\"https:\/\/bannedvideos.net\/es\/iren-fue-llevada-al-hospital-en-ambulancia-con-una-presion-arterial-de-250-despues-de-unos-dias-en-el-hospital-tambien-contrajo-covid\/#breadcrumb\",\"itemListElement\":[{\"@type\":\"ListItem\",\"position\":1,\"name\":\"Home\",\"item\":\"https:\/\/bannedvideos.net\/es\/\"},{\"@type\":\"ListItem\",\"position\":2,\"name\":\"Ir\u00e9n fue llevada al hospital en ambulancia con una presi\u00f3n arterial de 250. Despu\u00e9s de unos d\u00edas en el hospital, tambi\u00e9n contrajo COVID\"}]},{\"@type\":\"WebSite\",\"@id\":\"https:\/\/bannedvideos.net\/en\/#website\",\"url\":\"https:\/\/bannedvideos.net\/en\/\",\"name\":\"Banned videos\",\"description\":\"\",\"publisher\":{\"@id\":\"https:\/\/bannedvideos.net\/en\/#organization\"},\"potentialAction\":[{\"@type\":\"SearchAction\",\"target\":{\"@type\":\"EntryPoint\",\"urlTemplate\":\"https:\/\/bannedvideos.net\/en\/?s={search_term_string}\"},\"query-input\":{\"@type\":\"PropertyValueSpecification\",\"valueRequired\":true,\"valueName\":\"search_term_string\"}}],\"inLanguage\":\"es\"},{\"@type\":\"Organization\",\"@id\":\"https:\/\/bannedvideos.net\/en\/#organization\",\"name\":\"Banned videos\",\"url\":\"https:\/\/bannedvideos.net\/en\/\",\"logo\":{\"@type\":\"ImageObject\",\"inLanguage\":\"es\",\"@id\":\"https:\/\/bannedvideos.net\/en\/#\/schema\/logo\/image\/\",\"url\":\"https:\/\/bannedvideos.net\/wp-content\/uploads\/2022\/07\/logo.png\",\"contentUrl\":\"https:\/\/bannedvideos.net\/wp-content\/uploads\/2022\/07\/logo.png\",\"width\":1496,\"height\":1441,\"caption\":\"Banned videos\"},\"image\":{\"@id\":\"https:\/\/bannedvideos.net\/en\/#\/schema\/logo\/image\/\"}},{\"@type\":\"Person\",\"@id\":\"https:\/\/bannedvideos.net\/en\/#\/schema\/person\/5e11e476417d892fdf821a0299f37a62\",\"name\":\"bannedvideos\",\"image\":{\"@type\":\"ImageObject\",\"inLanguage\":\"es\",\"@id\":\"https:\/\/bannedvideos.net\/en\/#\/schema\/person\/image\/\",\"url\":\"https:\/\/secure.gravatar.com\/avatar\/b843d2076fa08453002de35683e5a2f818cd3e18d2d4a37f2404adb0f08098b1?s=96&d=mm&r=g\",\"contentUrl\":\"https:\/\/secure.gravatar.com\/avatar\/b843d2076fa08453002de35683e5a2f818cd3e18d2d4a37f2404adb0f08098b1?s=96&d=mm&r=g\",\"caption\":\"bannedvideos\"},\"sameAs\":[\"http:\/\/cpeptide.com\"]}]}<\/script>\n<!-- \/ Yoast SEO plugin. -->","yoast_head_json":{"title":"Ir\u00e9n fue llevada al hospital en ambulancia con una presi\u00f3n arterial de 250. Despu\u00e9s de unos d\u00edas en el hospital, tambi\u00e9n contrajo COVID - Banned videos","robots":{"index":"index","follow":"follow","max-snippet":"max-snippet:-1","max-image-preview":"max-image-preview:large","max-video-preview":"max-video-preview:-1"},"canonical":"https:\/\/bannedvideos.net\/es\/iren-fue-llevada-al-hospital-en-ambulancia-con-una-presion-arterial-de-250-despues-de-unos-dias-en-el-hospital-tambien-contrajo-covid\/","og_locale":"es_ES","og_type":"article","og_title":"Ir\u00e9n fue llevada al hospital en ambulancia con una presi\u00f3n arterial de 250. Despu\u00e9s de unos d\u00edas en el hospital, tambi\u00e9n contrajo COVID - Banned videos","og_description":"La madre de Tibor Jankovics, de 77 a\u00f1os, fue llevada al hospital unos d\u00edas despu\u00e9s de que su hijo fuera dado de alta del hospital despu\u00e9s de haber estado hospitalizado durante varios meses; tuvo operaciones, contrajo COVID y tuvo una experiencia cercana a la muerte. Adem\u00e1s de su presi\u00f3n arterial alta, Ir\u00e9n tambi\u00e9n tiene una [&hellip;]","og_url":"https:\/\/bannedvideos.net\/es\/iren-fue-llevada-al-hospital-en-ambulancia-con-una-presion-arterial-de-250-despues-de-unos-dias-en-el-hospital-tambien-contrajo-covid\/","og_site_name":"Banned videos","article_published_time":"2023-02-01T22:26:26+00:00","article_modified_time":"2023-03-10T12:54:31+00:00","og_image":[{"width":295,"height":166,"url":"https:\/\/bannedvideos.net\/wp-content\/uploads\/2022\/10\/697658905.jpg","type":"image\/jpeg"}],"author":"bannedvideos","twitter_card":"summary_large_image","twitter_misc":{"Escrito por":"bannedvideos"},"schema":{"@context":"https:\/\/schema.org","@graph":[{"@type":"ScholarlyArticle","@id":"https:\/\/bannedvideos.net\/es\/iren-fue-llevada-al-hospital-en-ambulancia-con-una-presion-arterial-de-250-despues-de-unos-dias-en-el-hospital-tambien-contrajo-covid\/#article","isPartOf":{"@id":"https:\/\/bannedvideos.net\/es\/iren-fue-llevada-al-hospital-en-ambulancia-con-una-presion-arterial-de-250-despues-de-unos-dias-en-el-hospital-tambien-contrajo-covid\/"},"author":{"name":"bannedvideos","@id":"https:\/\/bannedvideos.net\/en\/#\/schema\/person\/5e11e476417d892fdf821a0299f37a62"},"headline":"Ir\u00e9n fue llevada al hospital en ambulancia con una presi\u00f3n arterial de 250. Despu\u00e9s de unos d\u00edas en el hospital, tambi\u00e9n contrajo COVID","datePublished":"2023-02-01T22:26:26+00:00","dateModified":"2023-03-10T12:54:31+00:00","mainEntityOfPage":{"@id":"https:\/\/bannedvideos.net\/es\/iren-fue-llevada-al-hospital-en-ambulancia-con-una-presion-arterial-de-250-despues-de-unos-dias-en-el-hospital-tambien-contrajo-covid\/"},"wordCount":97,"publisher":{"@id":"https:\/\/bannedvideos.net\/en\/#organization"},"image":{"@id":"https:\/\/bannedvideos.net\/es\/iren-fue-llevada-al-hospital-en-ambulancia-con-una-presion-arterial-de-250-despues-de-unos-dias-en-el-hospital-tambien-contrajo-covid\/#primaryimage"},"thumbnailUrl":"https:\/\/bannedvideos.net\/wp-content\/uploads\/2022\/10\/697658905.jpg","articleSection":["Enfermedades cardiovasculares"],"inLanguage":"es"},{"@type":"WebPage","@id":"https:\/\/bannedvideos.net\/es\/iren-fue-llevada-al-hospital-en-ambulancia-con-una-presion-arterial-de-250-despues-de-unos-dias-en-el-hospital-tambien-contrajo-covid\/","url":"https:\/\/bannedvideos.net\/es\/iren-fue-llevada-al-hospital-en-ambulancia-con-una-presion-arterial-de-250-despues-de-unos-dias-en-el-hospital-tambien-contrajo-covid\/","name":"Ir\u00e9n fue llevada al hospital en ambulancia con una presi\u00f3n arterial de 250. Despu\u00e9s de unos d\u00edas en el hospital, tambi\u00e9n contrajo COVID - Banned videos","isPartOf":{"@id":"https:\/\/bannedvideos.net\/en\/#website"},"primaryImageOfPage":{"@id":"https:\/\/bannedvideos.net\/es\/iren-fue-llevada-al-hospital-en-ambulancia-con-una-presion-arterial-de-250-despues-de-unos-dias-en-el-hospital-tambien-contrajo-covid\/#primaryimage"},"image":{"@id":"https:\/\/bannedvideos.net\/es\/iren-fue-llevada-al-hospital-en-ambulancia-con-una-presion-arterial-de-250-despues-de-unos-dias-en-el-hospital-tambien-contrajo-covid\/#primaryimage"},"thumbnailUrl":"https:\/\/bannedvideos.net\/wp-content\/uploads\/2022\/10\/697658905.jpg","datePublished":"2023-02-01T22:26:26+00:00","dateModified":"2023-03-10T12:54:31+00:00","breadcrumb":{"@id":"https:\/\/bannedvideos.net\/es\/iren-fue-llevada-al-hospital-en-ambulancia-con-una-presion-arterial-de-250-despues-de-unos-dias-en-el-hospital-tambien-contrajo-covid\/#breadcrumb"},"inLanguage":"es","potentialAction":[{"@type":"ReadAction","target":["https:\/\/bannedvideos.net\/es\/iren-fue-llevada-al-hospital-en-ambulancia-con-una-presion-arterial-de-250-despues-de-unos-dias-en-el-hospital-tambien-contrajo-covid\/"]}]},{"@type":"ImageObject","inLanguage":"es","@id":"https:\/\/bannedvideos.net\/es\/iren-fue-llevada-al-hospital-en-ambulancia-con-una-presion-arterial-de-250-despues-de-unos-dias-en-el-hospital-tambien-contrajo-covid\/#primaryimage","url":"https:\/\/bannedvideos.net\/wp-content\/uploads\/2022\/10\/697658905.jpg","contentUrl":"https:\/\/bannedvideos.net\/wp-content\/uploads\/2022\/10\/697658905.jpg","width":295,"height":166},{"@type":"BreadcrumbList","@id":"https:\/\/bannedvideos.net\/es\/iren-fue-llevada-al-hospital-en-ambulancia-con-una-presion-arterial-de-250-despues-de-unos-dias-en-el-hospital-tambien-contrajo-covid\/#breadcrumb","itemListElement":[{"@type":"ListItem","position":1,"name":"Home","item":"https:\/\/bannedvideos.net\/es\/"},{"@type":"ListItem","position":2,"name":"Ir\u00e9n fue llevada al hospital en ambulancia con una presi\u00f3n arterial de 250. Despu\u00e9s de unos d\u00edas en el hospital, tambi\u00e9n contrajo COVID"}]},{"@type":"WebSite","@id":"https:\/\/bannedvideos.net\/en\/#website","url":"https:\/\/bannedvideos.net\/en\/","name":"Banned videos","description":"","publisher":{"@id":"https:\/\/bannedvideos.net\/en\/#organization"},"potentialAction":[{"@type":"SearchAction","target":{"@type":"EntryPoint","urlTemplate":"https:\/\/bannedvideos.net\/en\/?s={search_term_string}"},"query-input":{"@type":"PropertyValueSpecification","valueRequired":true,"valueName":"search_term_string"}}],"inLanguage":"es"},{"@type":"Organization","@id":"https:\/\/bannedvideos.net\/en\/#organization","name":"Banned videos","url":"https:\/\/bannedvideos.net\/en\/","logo":{"@type":"ImageObject","inLanguage":"es","@id":"https:\/\/bannedvideos.net\/en\/#\/schema\/logo\/image\/","url":"https:\/\/bannedvideos.net\/wp-content\/uploads\/2022\/07\/logo.png","contentUrl":"https:\/\/bannedvideos.net\/wp-content\/uploads\/2022\/07\/logo.png","width":1496,"height":1441,"caption":"Banned videos"},"image":{"@id":"https:\/\/bannedvideos.net\/en\/#\/schema\/logo\/image\/"}},{"@type":"Person","@id":"https:\/\/bannedvideos.net\/en\/#\/schema\/person\/5e11e476417d892fdf821a0299f37a62","name":"bannedvideos","image":{"@type":"ImageObject","inLanguage":"es","@id":"https:\/\/bannedvideos.net\/en\/#\/schema\/person\/image\/","url":"https:\/\/secure.gravatar.com\/avatar\/b843d2076fa08453002de35683e5a2f818cd3e18d2d4a37f2404adb0f08098b1?s=96&d=mm&r=g","contentUrl":"https:\/\/secure.gravatar.com\/avatar\/b843d2076fa08453002de35683e5a2f818cd3e18d2d4a37f2404adb0f08098b1?s=96&d=mm&r=g","caption":"bannedvideos"},"sameAs":["http:\/\/cpeptide.com"]}]}},"_links":{"self":[{"href":"https:\/\/bannedvideos.net\/es\/wp-json\/wp\/v2\/posts\/60822","targetHints":{"allow":["GET"]}}],"collection":[{"href":"https:\/\/bannedvideos.net\/es\/wp-json\/wp\/v2\/posts"}],"about":[{"href":"https:\/\/bannedvideos.net\/es\/wp-json\/wp\/v2\/types\/post"}],"author":[{"embeddable":true,"href":"https:\/\/bannedvideos.net\/es\/wp-json\/wp\/v2\/users\/1"}],"replies":[{"embeddable":true,"href":"https:\/\/bannedvideos.net\/es\/wp-json\/wp\/v2\/comments?post=60822"}],"version-history":[{"count":1,"href":"https:\/\/bannedvideos.net\/es\/wp-json\/wp\/v2\/posts\/60822\/revisions"}],"predecessor-version":[{"id":70139,"href":"https:\/\/bannedvideos.net\/es\/wp-json\/wp\/v2\/posts\/60822\/revisions\/70139"}],"wp:featuredmedia":[{"embeddable":true,"href":"https:\/\/bannedvideos.net\/es\/wp-json\/wp\/v2\/media\/59929"}],"wp:attachment":[{"href":"https:\/\/bannedvideos.net\/es\/wp-json\/wp\/v2\/media?parent=60822"}],"wp:term":[{"taxonomy":"category","embeddable":true,"href":"https:\/\/bannedvideos.net\/es\/wp-json\/wp\/v2\/categories?post=60822"},{"taxonomy":"post_tag","embeddable":true,"href":"https:\/\/bannedvideos.net\/es\/wp-json\/wp\/v2\/tags?post=60822"}],"curies":[{"name":"wp","href":"https:\/\/api.w.org\/{rel}","templated":true}]}}