{"id":61193,"date":"2022-07-04T16:59:43","date_gmt":"2022-07-04T14:59:43","guid":{"rendered":"https:\/\/bannedvideos.net\/letat-de-krisztofer-mathe-victime-de-laccident-de-manege-balancier-a-varpalota-sameliore-a-la-vitesse-de-leclair\/"},"modified":"2023-03-07T20:46:17","modified_gmt":"2023-03-07T18:46:17","slug":"letat-de-krisztofer-mathe-victime-de-laccident-de-manege-balancier-a-varpalota-sameliore-a-la-vitesse-de-leclair","status":"publish","type":"post","link":"https:\/\/bannedvideos.net\/fr\/letat-de-krisztofer-mathe-victime-de-laccident-de-manege-balancier-a-varpalota-sameliore-a-la-vitesse-de-leclair\/","title":{"rendered":"L&rsquo;\u00e9tat de Krisztofer Math\u00e9, victime de l&rsquo;accident de man\u00e8ge balancier \u00e0 Varpalota, s&rsquo;am\u00e9liore \u00e0 la vitesse de l&rsquo;\u00e9clair"},"content":{"rendered":"<p>En 2017, Krisztofer a subi un accident grave, quand une pi\u00e8ce du man\u00e8ge balancier s&rsquo;est cass\u00e9e \u00e0 33 m\u00e8tres de hauteur. L&rsquo;incident avait choqu\u00e9 tout le pays. Apr\u00e8s un vol plan\u00e9 de 8 m\u00e8tres, le jeune homme alors \u00e2g\u00e9 de 18 ans, avait \u00e9chou\u00e9 sur le trottoir, subissant un violent traumatisme cr\u00e2nien. Son cerveau s&rsquo;\u00e9tait d\u00e9plac\u00e9 et il faisait une h\u00e9morragie c\u00e9r\u00e9brale. Dans le coma pendant des mois, les m\u00e9decins avaient pr\u00e9venu ses parents que Krisztofer ne s&rsquo;en remettrait pas. Un an apr\u00e8s, le gar\u00e7on sortait de l&rsquo;h\u00f4pital, et quelques jours plus tard, son \u00e9tat commen\u00e7ait \u00e0 s&rsquo;am\u00e9liorer \u00e0 une vitesse impressionnante. Il s&rsquo;est mis \u00e0 marcher, \u00e0 \u00eatre propre, \u00e0 parler et \u00e0 manifester des \u00e9motions presque du jour au lendemain. Pour le coeur d&rsquo;une m\u00e8re c&rsquo;est beau comme une naissance, raconte la m\u00e8re, confiante dans la gu\u00e9rison totale de son enfant.<\/p>\n","protected":false},"excerpt":{"rendered":"<p>En 2017, Krisztofer a subi un accident grave, quand une pi\u00e8ce du man\u00e8ge balancier s&rsquo;est cass\u00e9e \u00e0 33 m\u00e8tres de hauteur. L&rsquo;incident avait choqu\u00e9 tout le pays. Apr\u00e8s un vol plan\u00e9 de 8 m\u00e8tres, le jeune homme alors \u00e2g\u00e9 de 18 ans, avait \u00e9chou\u00e9 sur le trottoir, subissant un violent traumatisme cr\u00e2nien. Son cerveau s&rsquo;\u00e9tait [&hellip;]<\/p>\n","protected":false},"author":1,"featured_media":7953,"comment_status":"closed","ping_status":"closed","sticky":false,"template":"","format":"video","meta":{"footnotes":""},"categories":[233],"tags":[],"class_list":{"0":"post-61193","1":"post","2":"type-post","3":"status-publish","4":"format-video","5":"has-post-thumbnail","7":"category-lesion-cerebrale-traumatique","8":"post_format-post-format-video"},"yoast_head":"<!-- This site is optimized with the Yoast SEO plugin v26.4 - https:\/\/yoast.com\/wordpress\/plugins\/seo\/ -->\n<title>L&#039;\u00e9tat de Krisztofer Math\u00e9, victime de l&#039;accident de man\u00e8ge balancier \u00e0 Varpalota, s&#039;am\u00e9liore \u00e0 la vitesse de l&#039;\u00e9clair - Banned videos<\/title>\n<meta name=\"robots\" content=\"index, follow, max-snippet:-1, max-image-preview:large, max-video-preview:-1\" \/>\n<link rel=\"canonical\" href=\"https:\/\/bannedvideos.net\/fr\/letat-de-krisztofer-mathe-victime-de-laccident-de-manege-balancier-a-varpalota-sameliore-a-la-vitesse-de-leclair\/\" \/>\n<meta property=\"og:locale\" content=\"fr_FR\" \/>\n<meta property=\"og:type\" content=\"article\" \/>\n<meta property=\"og:title\" content=\"L&#039;\u00e9tat de Krisztofer Math\u00e9, victime de l&#039;accident de man\u00e8ge balancier \u00e0 Varpalota, s&#039;am\u00e9liore \u00e0 la vitesse de l&#039;\u00e9clair - Banned videos\" \/>\n<meta property=\"og:description\" content=\"En 2017, Krisztofer a subi un accident grave, quand une pi\u00e8ce du man\u00e8ge balancier s&rsquo;est cass\u00e9e \u00e0 33 m\u00e8tres de hauteur. L&rsquo;incident avait choqu\u00e9 tout le pays. Apr\u00e8s un vol plan\u00e9 de 8 m\u00e8tres, le jeune homme alors \u00e2g\u00e9 de 18 ans, avait \u00e9chou\u00e9 sur le trottoir, subissant un violent traumatisme cr\u00e2nien. Son cerveau s&rsquo;\u00e9tait [&hellip;]\" \/>\n<meta property=\"og:url\" content=\"https:\/\/bannedvideos.net\/fr\/letat-de-krisztofer-mathe-victime-de-laccident-de-manege-balancier-a-varpalota-sameliore-a-la-vitesse-de-leclair\/\" \/>\n<meta property=\"og:site_name\" content=\"Banned videos\" \/>\n<meta property=\"article:published_time\" content=\"2022-07-04T14:59:43+00:00\" \/>\n<meta property=\"article:modified_time\" content=\"2023-03-07T18:46:17+00:00\" \/>\n<meta property=\"og:image\" content=\"https:\/\/bannedvideos.net\/wp-content\/uploads\/2020\/05\/417185635.jpg\" \/>\n\t<meta property=\"og:image:width\" content=\"640\" \/>\n\t<meta property=\"og:image:height\" content=\"360\" \/>\n\t<meta property=\"og:image:type\" content=\"image\/jpeg\" \/>\n<meta name=\"author\" content=\"bannedvideos\" \/>\n<meta name=\"twitter:card\" content=\"summary_large_image\" \/>\n<meta name=\"twitter:label1\" content=\"\u00c9crit par\" \/>\n\t<meta name=\"twitter:data1\" content=\"bannedvideos\" \/>\n\t<meta name=\"twitter:label2\" content=\"Dur\u00e9e de lecture estim\u00e9e\" \/>\n\t<meta name=\"twitter:data2\" content=\"1 minute\" \/>\n<script type=\"application\/ld+json\" class=\"yoast-schema-graph\">{\"@context\":\"https:\/\/schema.org\",\"@graph\":[{\"@type\":\"ScholarlyArticle\",\"@id\":\"https:\/\/bannedvideos.net\/fr\/letat-de-krisztofer-mathe-victime-de-laccident-de-manege-balancier-a-varpalota-sameliore-a-la-vitesse-de-leclair\/#article\",\"isPartOf\":{\"@id\":\"https:\/\/bannedvideos.net\/fr\/letat-de-krisztofer-mathe-victime-de-laccident-de-manege-balancier-a-varpalota-sameliore-a-la-vitesse-de-leclair\/\"},\"author\":{\"name\":\"bannedvideos\",\"@id\":\"https:\/\/bannedvideos.net\/en\/#\/schema\/person\/5e11e476417d892fdf821a0299f37a62\"},\"headline\":\"L&rsquo;\u00e9tat de Krisztofer Math\u00e9, victime de l&rsquo;accident de man\u00e8ge balancier \u00e0 Varpalota, s&rsquo;am\u00e9liore \u00e0 la vitesse de l&rsquo;\u00e9clair\",\"datePublished\":\"2022-07-04T14:59:43+00:00\",\"dateModified\":\"2023-03-07T18:46:17+00:00\",\"mainEntityOfPage\":{\"@id\":\"https:\/\/bannedvideos.net\/fr\/letat-de-krisztofer-mathe-victime-de-laccident-de-manege-balancier-a-varpalota-sameliore-a-la-vitesse-de-leclair\/\"},\"wordCount\":184,\"publisher\":{\"@id\":\"https:\/\/bannedvideos.net\/en\/#organization\"},\"image\":{\"@id\":\"https:\/\/bannedvideos.net\/fr\/letat-de-krisztofer-mathe-victime-de-laccident-de-manege-balancier-a-varpalota-sameliore-a-la-vitesse-de-leclair\/#primaryimage\"},\"thumbnailUrl\":\"https:\/\/bannedvideos.net\/wp-content\/uploads\/2020\/05\/417185635.jpg\",\"articleSection\":[\"L\u00e9sion c\u00e9r\u00e9brale traumatique\"],\"inLanguage\":\"fr-FR\"},{\"@type\":\"WebPage\",\"@id\":\"https:\/\/bannedvideos.net\/fr\/letat-de-krisztofer-mathe-victime-de-laccident-de-manege-balancier-a-varpalota-sameliore-a-la-vitesse-de-leclair\/\",\"url\":\"https:\/\/bannedvideos.net\/fr\/letat-de-krisztofer-mathe-victime-de-laccident-de-manege-balancier-a-varpalota-sameliore-a-la-vitesse-de-leclair\/\",\"name\":\"L'\u00e9tat de Krisztofer Math\u00e9, victime de l'accident de man\u00e8ge balancier \u00e0 Varpalota, s'am\u00e9liore \u00e0 la vitesse de l'\u00e9clair - Banned videos\",\"isPartOf\":{\"@id\":\"https:\/\/bannedvideos.net\/en\/#website\"},\"primaryImageOfPage\":{\"@id\":\"https:\/\/bannedvideos.net\/fr\/letat-de-krisztofer-mathe-victime-de-laccident-de-manege-balancier-a-varpalota-sameliore-a-la-vitesse-de-leclair\/#primaryimage\"},\"image\":{\"@id\":\"https:\/\/bannedvideos.net\/fr\/letat-de-krisztofer-mathe-victime-de-laccident-de-manege-balancier-a-varpalota-sameliore-a-la-vitesse-de-leclair\/#primaryimage\"},\"thumbnailUrl\":\"https:\/\/bannedvideos.net\/wp-content\/uploads\/2020\/05\/417185635.jpg\",\"datePublished\":\"2022-07-04T14:59:43+00:00\",\"dateModified\":\"2023-03-07T18:46:17+00:00\",\"breadcrumb\":{\"@id\":\"https:\/\/bannedvideos.net\/fr\/letat-de-krisztofer-mathe-victime-de-laccident-de-manege-balancier-a-varpalota-sameliore-a-la-vitesse-de-leclair\/#breadcrumb\"},\"inLanguage\":\"fr-FR\",\"potentialAction\":[{\"@type\":\"ReadAction\",\"target\":[\"https:\/\/bannedvideos.net\/fr\/letat-de-krisztofer-mathe-victime-de-laccident-de-manege-balancier-a-varpalota-sameliore-a-la-vitesse-de-leclair\/\"]}]},{\"@type\":\"ImageObject\",\"inLanguage\":\"fr-FR\",\"@id\":\"https:\/\/bannedvideos.net\/fr\/letat-de-krisztofer-mathe-victime-de-laccident-de-manege-balancier-a-varpalota-sameliore-a-la-vitesse-de-leclair\/#primaryimage\",\"url\":\"https:\/\/bannedvideos.net\/wp-content\/uploads\/2020\/05\/417185635.jpg\",\"contentUrl\":\"https:\/\/bannedvideos.net\/wp-content\/uploads\/2020\/05\/417185635.jpg\",\"width\":640,\"height\":360},{\"@type\":\"BreadcrumbList\",\"@id\":\"https:\/\/bannedvideos.net\/fr\/letat-de-krisztofer-mathe-victime-de-laccident-de-manege-balancier-a-varpalota-sameliore-a-la-vitesse-de-leclair\/#breadcrumb\",\"itemListElement\":[{\"@type\":\"ListItem\",\"position\":1,\"name\":\"Home\",\"item\":\"https:\/\/bannedvideos.net\/fr\/\"},{\"@type\":\"ListItem\",\"position\":2,\"name\":\"L&#8217;\u00e9tat de Krisztofer Math\u00e9, victime de l&#8217;accident de man\u00e8ge balancier \u00e0 Varpalota, s&#8217;am\u00e9liore \u00e0 la vitesse de l&#8217;\u00e9clair\"}]},{\"@type\":\"WebSite\",\"@id\":\"https:\/\/bannedvideos.net\/en\/#website\",\"url\":\"https:\/\/bannedvideos.net\/en\/\",\"name\":\"Banned videos\",\"description\":\"\",\"publisher\":{\"@id\":\"https:\/\/bannedvideos.net\/en\/#organization\"},\"potentialAction\":[{\"@type\":\"SearchAction\",\"target\":{\"@type\":\"EntryPoint\",\"urlTemplate\":\"https:\/\/bannedvideos.net\/en\/?s={search_term_string}\"},\"query-input\":{\"@type\":\"PropertyValueSpecification\",\"valueRequired\":true,\"valueName\":\"search_term_string\"}}],\"inLanguage\":\"fr-FR\"},{\"@type\":\"Organization\",\"@id\":\"https:\/\/bannedvideos.net\/en\/#organization\",\"name\":\"Banned videos\",\"url\":\"https:\/\/bannedvideos.net\/en\/\",\"logo\":{\"@type\":\"ImageObject\",\"inLanguage\":\"fr-FR\",\"@id\":\"https:\/\/bannedvideos.net\/en\/#\/schema\/logo\/image\/\",\"url\":\"https:\/\/bannedvideos.net\/wp-content\/uploads\/2022\/07\/logo.png\",\"contentUrl\":\"https:\/\/bannedvideos.net\/wp-content\/uploads\/2022\/07\/logo.png\",\"width\":1496,\"height\":1441,\"caption\":\"Banned videos\"},\"image\":{\"@id\":\"https:\/\/bannedvideos.net\/en\/#\/schema\/logo\/image\/\"}},{\"@type\":\"Person\",\"@id\":\"https:\/\/bannedvideos.net\/en\/#\/schema\/person\/5e11e476417d892fdf821a0299f37a62\",\"name\":\"bannedvideos\",\"image\":{\"@type\":\"ImageObject\",\"inLanguage\":\"fr-FR\",\"@id\":\"https:\/\/bannedvideos.net\/en\/#\/schema\/person\/image\/\",\"url\":\"https:\/\/secure.gravatar.com\/avatar\/b843d2076fa08453002de35683e5a2f818cd3e18d2d4a37f2404adb0f08098b1?s=96&d=mm&r=g\",\"contentUrl\":\"https:\/\/secure.gravatar.com\/avatar\/b843d2076fa08453002de35683e5a2f818cd3e18d2d4a37f2404adb0f08098b1?s=96&d=mm&r=g\",\"caption\":\"bannedvideos\"},\"sameAs\":[\"http:\/\/cpeptide.com\"]}]}<\/script>\n<!-- \/ Yoast SEO plugin. -->","yoast_head_json":{"title":"L'\u00e9tat de Krisztofer Math\u00e9, victime de l'accident de man\u00e8ge balancier \u00e0 Varpalota, s'am\u00e9liore \u00e0 la vitesse de l'\u00e9clair - Banned videos","robots":{"index":"index","follow":"follow","max-snippet":"max-snippet:-1","max-image-preview":"max-image-preview:large","max-video-preview":"max-video-preview:-1"},"canonical":"https:\/\/bannedvideos.net\/fr\/letat-de-krisztofer-mathe-victime-de-laccident-de-manege-balancier-a-varpalota-sameliore-a-la-vitesse-de-leclair\/","og_locale":"fr_FR","og_type":"article","og_title":"L'\u00e9tat de Krisztofer Math\u00e9, victime de l'accident de man\u00e8ge balancier \u00e0 Varpalota, s'am\u00e9liore \u00e0 la vitesse de l'\u00e9clair - Banned videos","og_description":"En 2017, Krisztofer a subi un accident grave, quand une pi\u00e8ce du man\u00e8ge balancier s&rsquo;est cass\u00e9e \u00e0 33 m\u00e8tres de hauteur. L&rsquo;incident avait choqu\u00e9 tout le pays. Apr\u00e8s un vol plan\u00e9 de 8 m\u00e8tres, le jeune homme alors \u00e2g\u00e9 de 18 ans, avait \u00e9chou\u00e9 sur le trottoir, subissant un violent traumatisme cr\u00e2nien. Son cerveau s&rsquo;\u00e9tait [&hellip;]","og_url":"https:\/\/bannedvideos.net\/fr\/letat-de-krisztofer-mathe-victime-de-laccident-de-manege-balancier-a-varpalota-sameliore-a-la-vitesse-de-leclair\/","og_site_name":"Banned videos","article_published_time":"2022-07-04T14:59:43+00:00","article_modified_time":"2023-03-07T18:46:17+00:00","og_image":[{"width":640,"height":360,"url":"https:\/\/bannedvideos.net\/wp-content\/uploads\/2020\/05\/417185635.jpg","type":"image\/jpeg"}],"author":"bannedvideos","twitter_card":"summary_large_image","twitter_misc":{"\u00c9crit par":"bannedvideos","Dur\u00e9e de lecture estim\u00e9e":"1 minute"},"schema":{"@context":"https:\/\/schema.org","@graph":[{"@type":"ScholarlyArticle","@id":"https:\/\/bannedvideos.net\/fr\/letat-de-krisztofer-mathe-victime-de-laccident-de-manege-balancier-a-varpalota-sameliore-a-la-vitesse-de-leclair\/#article","isPartOf":{"@id":"https:\/\/bannedvideos.net\/fr\/letat-de-krisztofer-mathe-victime-de-laccident-de-manege-balancier-a-varpalota-sameliore-a-la-vitesse-de-leclair\/"},"author":{"name":"bannedvideos","@id":"https:\/\/bannedvideos.net\/en\/#\/schema\/person\/5e11e476417d892fdf821a0299f37a62"},"headline":"L&rsquo;\u00e9tat de Krisztofer Math\u00e9, victime de l&rsquo;accident de man\u00e8ge balancier \u00e0 Varpalota, s&rsquo;am\u00e9liore \u00e0 la vitesse de l&rsquo;\u00e9clair","datePublished":"2022-07-04T14:59:43+00:00","dateModified":"2023-03-07T18:46:17+00:00","mainEntityOfPage":{"@id":"https:\/\/bannedvideos.net\/fr\/letat-de-krisztofer-mathe-victime-de-laccident-de-manege-balancier-a-varpalota-sameliore-a-la-vitesse-de-leclair\/"},"wordCount":184,"publisher":{"@id":"https:\/\/bannedvideos.net\/en\/#organization"},"image":{"@id":"https:\/\/bannedvideos.net\/fr\/letat-de-krisztofer-mathe-victime-de-laccident-de-manege-balancier-a-varpalota-sameliore-a-la-vitesse-de-leclair\/#primaryimage"},"thumbnailUrl":"https:\/\/bannedvideos.net\/wp-content\/uploads\/2020\/05\/417185635.jpg","articleSection":["L\u00e9sion c\u00e9r\u00e9brale traumatique"],"inLanguage":"fr-FR"},{"@type":"WebPage","@id":"https:\/\/bannedvideos.net\/fr\/letat-de-krisztofer-mathe-victime-de-laccident-de-manege-balancier-a-varpalota-sameliore-a-la-vitesse-de-leclair\/","url":"https:\/\/bannedvideos.net\/fr\/letat-de-krisztofer-mathe-victime-de-laccident-de-manege-balancier-a-varpalota-sameliore-a-la-vitesse-de-leclair\/","name":"L'\u00e9tat de Krisztofer Math\u00e9, victime de l'accident de man\u00e8ge balancier \u00e0 Varpalota, s'am\u00e9liore \u00e0 la vitesse de l'\u00e9clair - Banned videos","isPartOf":{"@id":"https:\/\/bannedvideos.net\/en\/#website"},"primaryImageOfPage":{"@id":"https:\/\/bannedvideos.net\/fr\/letat-de-krisztofer-mathe-victime-de-laccident-de-manege-balancier-a-varpalota-sameliore-a-la-vitesse-de-leclair\/#primaryimage"},"image":{"@id":"https:\/\/bannedvideos.net\/fr\/letat-de-krisztofer-mathe-victime-de-laccident-de-manege-balancier-a-varpalota-sameliore-a-la-vitesse-de-leclair\/#primaryimage"},"thumbnailUrl":"https:\/\/bannedvideos.net\/wp-content\/uploads\/2020\/05\/417185635.jpg","datePublished":"2022-07-04T14:59:43+00:00","dateModified":"2023-03-07T18:46:17+00:00","breadcrumb":{"@id":"https:\/\/bannedvideos.net\/fr\/letat-de-krisztofer-mathe-victime-de-laccident-de-manege-balancier-a-varpalota-sameliore-a-la-vitesse-de-leclair\/#breadcrumb"},"inLanguage":"fr-FR","potentialAction":[{"@type":"ReadAction","target":["https:\/\/bannedvideos.net\/fr\/letat-de-krisztofer-mathe-victime-de-laccident-de-manege-balancier-a-varpalota-sameliore-a-la-vitesse-de-leclair\/"]}]},{"@type":"ImageObject","inLanguage":"fr-FR","@id":"https:\/\/bannedvideos.net\/fr\/letat-de-krisztofer-mathe-victime-de-laccident-de-manege-balancier-a-varpalota-sameliore-a-la-vitesse-de-leclair\/#primaryimage","url":"https:\/\/bannedvideos.net\/wp-content\/uploads\/2020\/05\/417185635.jpg","contentUrl":"https:\/\/bannedvideos.net\/wp-content\/uploads\/2020\/05\/417185635.jpg","width":640,"height":360},{"@type":"BreadcrumbList","@id":"https:\/\/bannedvideos.net\/fr\/letat-de-krisztofer-mathe-victime-de-laccident-de-manege-balancier-a-varpalota-sameliore-a-la-vitesse-de-leclair\/#breadcrumb","itemListElement":[{"@type":"ListItem","position":1,"name":"Home","item":"https:\/\/bannedvideos.net\/fr\/"},{"@type":"ListItem","position":2,"name":"L&#8217;\u00e9tat de Krisztofer Math\u00e9, victime de l&#8217;accident de man\u00e8ge balancier \u00e0 Varpalota, s&#8217;am\u00e9liore \u00e0 la vitesse de l&#8217;\u00e9clair"}]},{"@type":"WebSite","@id":"https:\/\/bannedvideos.net\/en\/#website","url":"https:\/\/bannedvideos.net\/en\/","name":"Banned videos","description":"","publisher":{"@id":"https:\/\/bannedvideos.net\/en\/#organization"},"potentialAction":[{"@type":"SearchAction","target":{"@type":"EntryPoint","urlTemplate":"https:\/\/bannedvideos.net\/en\/?s={search_term_string}"},"query-input":{"@type":"PropertyValueSpecification","valueRequired":true,"valueName":"search_term_string"}}],"inLanguage":"fr-FR"},{"@type":"Organization","@id":"https:\/\/bannedvideos.net\/en\/#organization","name":"Banned videos","url":"https:\/\/bannedvideos.net\/en\/","logo":{"@type":"ImageObject","inLanguage":"fr-FR","@id":"https:\/\/bannedvideos.net\/en\/#\/schema\/logo\/image\/","url":"https:\/\/bannedvideos.net\/wp-content\/uploads\/2022\/07\/logo.png","contentUrl":"https:\/\/bannedvideos.net\/wp-content\/uploads\/2022\/07\/logo.png","width":1496,"height":1441,"caption":"Banned videos"},"image":{"@id":"https:\/\/bannedvideos.net\/en\/#\/schema\/logo\/image\/"}},{"@type":"Person","@id":"https:\/\/bannedvideos.net\/en\/#\/schema\/person\/5e11e476417d892fdf821a0299f37a62","name":"bannedvideos","image":{"@type":"ImageObject","inLanguage":"fr-FR","@id":"https:\/\/bannedvideos.net\/en\/#\/schema\/person\/image\/","url":"https:\/\/secure.gravatar.com\/avatar\/b843d2076fa08453002de35683e5a2f818cd3e18d2d4a37f2404adb0f08098b1?s=96&d=mm&r=g","contentUrl":"https:\/\/secure.gravatar.com\/avatar\/b843d2076fa08453002de35683e5a2f818cd3e18d2d4a37f2404adb0f08098b1?s=96&d=mm&r=g","caption":"bannedvideos"},"sameAs":["http:\/\/cpeptide.com"]}]}},"_links":{"self":[{"href":"https:\/\/bannedvideos.net\/fr\/wp-json\/wp\/v2\/posts\/61193","targetHints":{"allow":["GET"]}}],"collection":[{"href":"https:\/\/bannedvideos.net\/fr\/wp-json\/wp\/v2\/posts"}],"about":[{"href":"https:\/\/bannedvideos.net\/fr\/wp-json\/wp\/v2\/types\/post"}],"author":[{"embeddable":true,"href":"https:\/\/bannedvideos.net\/fr\/wp-json\/wp\/v2\/users\/1"}],"replies":[{"embeddable":true,"href":"https:\/\/bannedvideos.net\/fr\/wp-json\/wp\/v2\/comments?post=61193"}],"version-history":[{"count":1,"href":"https:\/\/bannedvideos.net\/fr\/wp-json\/wp\/v2\/posts\/61193\/revisions"}],"predecessor-version":[{"id":62988,"href":"https:\/\/bannedvideos.net\/fr\/wp-json\/wp\/v2\/posts\/61193\/revisions\/62988"}],"wp:featuredmedia":[{"embeddable":true,"href":"https:\/\/bannedvideos.net\/fr\/wp-json\/wp\/v2\/media\/7953"}],"wp:attachment":[{"href":"https:\/\/bannedvideos.net\/fr\/wp-json\/wp\/v2\/media?parent=61193"}],"wp:term":[{"taxonomy":"category","embeddable":true,"href":"https:\/\/bannedvideos.net\/fr\/wp-json\/wp\/v2\/categories?post=61193"},{"taxonomy":"post_tag","embeddable":true,"href":"https:\/\/bannedvideos.net\/fr\/wp-json\/wp\/v2\/tags?post=61193"}],"curies":[{"name":"wp","href":"https:\/\/api.w.org\/{rel}","templated":true}]}}