{"id":61249,"date":"2022-07-04T17:00:31","date_gmt":"2022-07-04T15:00:31","guid":{"rendered":"https:\/\/bannedvideos.net\/ce-garcon-qui-vit-avec-une-deficience-mentale-a-commence-a-montrer-des-ameliorations-en-utilisant-la-proinsuline-peptide-c\/"},"modified":"2023-03-07T20:49:06","modified_gmt":"2023-03-07T18:49:06","slug":"ce-garcon-qui-vit-avec-une-deficience-mentale-a-commence-a-montrer-des-ameliorations-en-utilisant-la-proinsuline-peptide-c","status":"publish","type":"post","link":"https:\/\/bannedvideos.net\/fr\/ce-garcon-qui-vit-avec-une-deficience-mentale-a-commence-a-montrer-des-ameliorations-en-utilisant-la-proinsuline-peptide-c\/","title":{"rendered":"Ce gar\u00e7on, qui vit avec une d\u00e9ficience mentale, a commenc\u00e9 \u00e0 montrer des am\u00e9liorations en utilisant la proinsuline peptide C"},"content":{"rendered":"<p>Benjamin est n\u00e9 \u00e0 8 mois de grossesse souffrant d&rsquo;un manque d&rsquo;oxyg\u00e8ne. On lui a diagnostiqu\u00e9 une paralysie c\u00e9r\u00e9brale, ce qui signifie qu&rsquo;en raison d&rsquo;un d\u00e9ficit dans le d\u00e9veloppement du syst\u00e8me nerveux, il souffre de handicaps physiques. Selon les m\u00e9decins, le gar\u00e7on ne sera jamais capable de marcher.<\/p>\n<p>Apr\u00e8s avoir commenc\u00e9 \u00e0 lui donner du Peptide C, ses parents ont remarqu\u00e9 que le syst\u00e8me nerveux du gar\u00e7on manifestait de plus en plus de signes de d\u00e9veloppement et que ses fonctions motrices s&rsquo;am\u00e9lioraient. Benjamin est maintenant capable de se balancer et m\u00eame de nager avec plaisir et son app\u00e9tit, auparavant probl\u00e9mtique, s&rsquo;est am\u00e9lior\u00e9. Il a \u00e9galement commenc\u00e9 \u00e0 communiquer par gestes.<\/p>\n","protected":false},"excerpt":{"rendered":"<p>Benjamin est n\u00e9 \u00e0 8 mois de grossesse souffrant d&rsquo;un manque d&rsquo;oxyg\u00e8ne. On lui a diagnostiqu\u00e9 une paralysie c\u00e9r\u00e9brale, ce qui signifie qu&rsquo;en raison d&rsquo;un d\u00e9ficit dans le d\u00e9veloppement du syst\u00e8me nerveux, il souffre de handicaps physiques. Selon les m\u00e9decins, le gar\u00e7on ne sera jamais capable de marcher. Apr\u00e8s avoir commenc\u00e9 \u00e0 lui donner du [&hellip;]<\/p>\n","protected":false},"author":1,"featured_media":54578,"comment_status":"closed","ping_status":"closed","sticky":false,"template":"","format":"video","meta":{"footnotes":""},"categories":[154,703],"tags":[],"class_list":{"0":"post-61249","1":"post","2":"type-post","3":"status-publish","4":"format-video","5":"has-post-thumbnail","7":"category-systeme-nerveux","8":"category-troubles-du-developpement","9":"post_format-post-format-video"},"yoast_head":"<!-- This site is optimized with the Yoast SEO plugin v26.4 - https:\/\/yoast.com\/wordpress\/plugins\/seo\/ -->\n<title>Ce gar\u00e7on, qui vit avec une d\u00e9ficience mentale, a commenc\u00e9 \u00e0 montrer des am\u00e9liorations en utilisant la proinsuline peptide C - Banned videos<\/title>\n<meta name=\"robots\" content=\"index, follow, max-snippet:-1, max-image-preview:large, max-video-preview:-1\" \/>\n<link rel=\"canonical\" href=\"https:\/\/bannedvideos.net\/fr\/ce-garcon-qui-vit-avec-une-deficience-mentale-a-commence-a-montrer-des-ameliorations-en-utilisant-la-proinsuline-peptide-c\/\" \/>\n<meta property=\"og:locale\" content=\"fr_FR\" \/>\n<meta property=\"og:type\" content=\"article\" \/>\n<meta property=\"og:title\" content=\"Ce gar\u00e7on, qui vit avec une d\u00e9ficience mentale, a commenc\u00e9 \u00e0 montrer des am\u00e9liorations en utilisant la proinsuline peptide C - Banned videos\" \/>\n<meta property=\"og:description\" content=\"Benjamin est n\u00e9 \u00e0 8 mois de grossesse souffrant d&rsquo;un manque d&rsquo;oxyg\u00e8ne. On lui a diagnostiqu\u00e9 une paralysie c\u00e9r\u00e9brale, ce qui signifie qu&rsquo;en raison d&rsquo;un d\u00e9ficit dans le d\u00e9veloppement du syst\u00e8me nerveux, il souffre de handicaps physiques. Selon les m\u00e9decins, le gar\u00e7on ne sera jamais capable de marcher. Apr\u00e8s avoir commenc\u00e9 \u00e0 lui donner du [&hellip;]\" \/>\n<meta property=\"og:url\" content=\"https:\/\/bannedvideos.net\/fr\/ce-garcon-qui-vit-avec-une-deficience-mentale-a-commence-a-montrer-des-ameliorations-en-utilisant-la-proinsuline-peptide-c\/\" \/>\n<meta property=\"og:site_name\" content=\"Banned videos\" \/>\n<meta property=\"article:published_time\" content=\"2022-07-04T15:00:31+00:00\" \/>\n<meta property=\"article:modified_time\" content=\"2023-03-07T18:49:06+00:00\" \/>\n<meta property=\"og:image\" content=\"https:\/\/bannedvideos.net\/wp-content\/uploads\/2022\/10\/654027376.jpg\" \/>\n\t<meta property=\"og:image:width\" content=\"640\" \/>\n\t<meta property=\"og:image:height\" content=\"360\" \/>\n\t<meta property=\"og:image:type\" content=\"image\/jpeg\" \/>\n<meta name=\"author\" content=\"bannedvideos\" \/>\n<meta name=\"twitter:card\" content=\"summary_large_image\" \/>\n<meta name=\"twitter:label1\" content=\"\u00c9crit par\" \/>\n\t<meta name=\"twitter:data1\" content=\"bannedvideos\" \/>\n\t<meta name=\"twitter:label2\" content=\"Dur\u00e9e de lecture estim\u00e9e\" \/>\n\t<meta name=\"twitter:data2\" content=\"1 minute\" \/>\n<script type=\"application\/ld+json\" class=\"yoast-schema-graph\">{\"@context\":\"https:\/\/schema.org\",\"@graph\":[{\"@type\":\"ScholarlyArticle\",\"@id\":\"https:\/\/bannedvideos.net\/fr\/ce-garcon-qui-vit-avec-une-deficience-mentale-a-commence-a-montrer-des-ameliorations-en-utilisant-la-proinsuline-peptide-c\/#article\",\"isPartOf\":{\"@id\":\"https:\/\/bannedvideos.net\/fr\/ce-garcon-qui-vit-avec-une-deficience-mentale-a-commence-a-montrer-des-ameliorations-en-utilisant-la-proinsuline-peptide-c\/\"},\"author\":{\"name\":\"bannedvideos\",\"@id\":\"https:\/\/bannedvideos.net\/en\/#\/schema\/person\/5e11e476417d892fdf821a0299f37a62\"},\"headline\":\"Ce gar\u00e7on, qui vit avec une d\u00e9ficience mentale, a commenc\u00e9 \u00e0 montrer des am\u00e9liorations en utilisant la proinsuline peptide C\",\"datePublished\":\"2022-07-04T15:00:31+00:00\",\"dateModified\":\"2023-03-07T18:49:06+00:00\",\"mainEntityOfPage\":{\"@id\":\"https:\/\/bannedvideos.net\/fr\/ce-garcon-qui-vit-avec-une-deficience-mentale-a-commence-a-montrer-des-ameliorations-en-utilisant-la-proinsuline-peptide-c\/\"},\"wordCount\":151,\"publisher\":{\"@id\":\"https:\/\/bannedvideos.net\/en\/#organization\"},\"image\":{\"@id\":\"https:\/\/bannedvideos.net\/fr\/ce-garcon-qui-vit-avec-une-deficience-mentale-a-commence-a-montrer-des-ameliorations-en-utilisant-la-proinsuline-peptide-c\/#primaryimage\"},\"thumbnailUrl\":\"https:\/\/bannedvideos.net\/wp-content\/uploads\/2022\/10\/654027376.jpg\",\"articleSection\":[\"Syst\u00e8me nerveux\",\"Troubles du d\u00e9veloppement\"],\"inLanguage\":\"fr-FR\"},{\"@type\":\"WebPage\",\"@id\":\"https:\/\/bannedvideos.net\/fr\/ce-garcon-qui-vit-avec-une-deficience-mentale-a-commence-a-montrer-des-ameliorations-en-utilisant-la-proinsuline-peptide-c\/\",\"url\":\"https:\/\/bannedvideos.net\/fr\/ce-garcon-qui-vit-avec-une-deficience-mentale-a-commence-a-montrer-des-ameliorations-en-utilisant-la-proinsuline-peptide-c\/\",\"name\":\"Ce gar\u00e7on, qui vit avec une d\u00e9ficience mentale, a commenc\u00e9 \u00e0 montrer des am\u00e9liorations en utilisant la proinsuline peptide C - Banned videos\",\"isPartOf\":{\"@id\":\"https:\/\/bannedvideos.net\/en\/#website\"},\"primaryImageOfPage\":{\"@id\":\"https:\/\/bannedvideos.net\/fr\/ce-garcon-qui-vit-avec-une-deficience-mentale-a-commence-a-montrer-des-ameliorations-en-utilisant-la-proinsuline-peptide-c\/#primaryimage\"},\"image\":{\"@id\":\"https:\/\/bannedvideos.net\/fr\/ce-garcon-qui-vit-avec-une-deficience-mentale-a-commence-a-montrer-des-ameliorations-en-utilisant-la-proinsuline-peptide-c\/#primaryimage\"},\"thumbnailUrl\":\"https:\/\/bannedvideos.net\/wp-content\/uploads\/2022\/10\/654027376.jpg\",\"datePublished\":\"2022-07-04T15:00:31+00:00\",\"dateModified\":\"2023-03-07T18:49:06+00:00\",\"breadcrumb\":{\"@id\":\"https:\/\/bannedvideos.net\/fr\/ce-garcon-qui-vit-avec-une-deficience-mentale-a-commence-a-montrer-des-ameliorations-en-utilisant-la-proinsuline-peptide-c\/#breadcrumb\"},\"inLanguage\":\"fr-FR\",\"potentialAction\":[{\"@type\":\"ReadAction\",\"target\":[\"https:\/\/bannedvideos.net\/fr\/ce-garcon-qui-vit-avec-une-deficience-mentale-a-commence-a-montrer-des-ameliorations-en-utilisant-la-proinsuline-peptide-c\/\"]}]},{\"@type\":\"ImageObject\",\"inLanguage\":\"fr-FR\",\"@id\":\"https:\/\/bannedvideos.net\/fr\/ce-garcon-qui-vit-avec-une-deficience-mentale-a-commence-a-montrer-des-ameliorations-en-utilisant-la-proinsuline-peptide-c\/#primaryimage\",\"url\":\"https:\/\/bannedvideos.net\/wp-content\/uploads\/2022\/10\/654027376.jpg\",\"contentUrl\":\"https:\/\/bannedvideos.net\/wp-content\/uploads\/2022\/10\/654027376.jpg\",\"width\":640,\"height\":360},{\"@type\":\"BreadcrumbList\",\"@id\":\"https:\/\/bannedvideos.net\/fr\/ce-garcon-qui-vit-avec-une-deficience-mentale-a-commence-a-montrer-des-ameliorations-en-utilisant-la-proinsuline-peptide-c\/#breadcrumb\",\"itemListElement\":[{\"@type\":\"ListItem\",\"position\":1,\"name\":\"Home\",\"item\":\"https:\/\/bannedvideos.net\/fr\/\"},{\"@type\":\"ListItem\",\"position\":2,\"name\":\"Ce gar\u00e7on, qui vit avec une d\u00e9ficience mentale, a commenc\u00e9 \u00e0 montrer des am\u00e9liorations en utilisant la proinsuline peptide C\"}]},{\"@type\":\"WebSite\",\"@id\":\"https:\/\/bannedvideos.net\/en\/#website\",\"url\":\"https:\/\/bannedvideos.net\/en\/\",\"name\":\"Banned videos\",\"description\":\"\",\"publisher\":{\"@id\":\"https:\/\/bannedvideos.net\/en\/#organization\"},\"potentialAction\":[{\"@type\":\"SearchAction\",\"target\":{\"@type\":\"EntryPoint\",\"urlTemplate\":\"https:\/\/bannedvideos.net\/en\/?s={search_term_string}\"},\"query-input\":{\"@type\":\"PropertyValueSpecification\",\"valueRequired\":true,\"valueName\":\"search_term_string\"}}],\"inLanguage\":\"fr-FR\"},{\"@type\":\"Organization\",\"@id\":\"https:\/\/bannedvideos.net\/en\/#organization\",\"name\":\"Banned videos\",\"url\":\"https:\/\/bannedvideos.net\/en\/\",\"logo\":{\"@type\":\"ImageObject\",\"inLanguage\":\"fr-FR\",\"@id\":\"https:\/\/bannedvideos.net\/en\/#\/schema\/logo\/image\/\",\"url\":\"https:\/\/bannedvideos.net\/wp-content\/uploads\/2022\/07\/logo.png\",\"contentUrl\":\"https:\/\/bannedvideos.net\/wp-content\/uploads\/2022\/07\/logo.png\",\"width\":1496,\"height\":1441,\"caption\":\"Banned videos\"},\"image\":{\"@id\":\"https:\/\/bannedvideos.net\/en\/#\/schema\/logo\/image\/\"}},{\"@type\":\"Person\",\"@id\":\"https:\/\/bannedvideos.net\/en\/#\/schema\/person\/5e11e476417d892fdf821a0299f37a62\",\"name\":\"bannedvideos\",\"image\":{\"@type\":\"ImageObject\",\"inLanguage\":\"fr-FR\",\"@id\":\"https:\/\/bannedvideos.net\/en\/#\/schema\/person\/image\/\",\"url\":\"https:\/\/secure.gravatar.com\/avatar\/b843d2076fa08453002de35683e5a2f818cd3e18d2d4a37f2404adb0f08098b1?s=96&d=mm&r=g\",\"contentUrl\":\"https:\/\/secure.gravatar.com\/avatar\/b843d2076fa08453002de35683e5a2f818cd3e18d2d4a37f2404adb0f08098b1?s=96&d=mm&r=g\",\"caption\":\"bannedvideos\"},\"sameAs\":[\"http:\/\/cpeptide.com\"]}]}<\/script>\n<!-- \/ Yoast SEO plugin. -->","yoast_head_json":{"title":"Ce gar\u00e7on, qui vit avec une d\u00e9ficience mentale, a commenc\u00e9 \u00e0 montrer des am\u00e9liorations en utilisant la proinsuline peptide C - Banned videos","robots":{"index":"index","follow":"follow","max-snippet":"max-snippet:-1","max-image-preview":"max-image-preview:large","max-video-preview":"max-video-preview:-1"},"canonical":"https:\/\/bannedvideos.net\/fr\/ce-garcon-qui-vit-avec-une-deficience-mentale-a-commence-a-montrer-des-ameliorations-en-utilisant-la-proinsuline-peptide-c\/","og_locale":"fr_FR","og_type":"article","og_title":"Ce gar\u00e7on, qui vit avec une d\u00e9ficience mentale, a commenc\u00e9 \u00e0 montrer des am\u00e9liorations en utilisant la proinsuline peptide C - Banned videos","og_description":"Benjamin est n\u00e9 \u00e0 8 mois de grossesse souffrant d&rsquo;un manque d&rsquo;oxyg\u00e8ne. On lui a diagnostiqu\u00e9 une paralysie c\u00e9r\u00e9brale, ce qui signifie qu&rsquo;en raison d&rsquo;un d\u00e9ficit dans le d\u00e9veloppement du syst\u00e8me nerveux, il souffre de handicaps physiques. Selon les m\u00e9decins, le gar\u00e7on ne sera jamais capable de marcher. Apr\u00e8s avoir commenc\u00e9 \u00e0 lui donner du [&hellip;]","og_url":"https:\/\/bannedvideos.net\/fr\/ce-garcon-qui-vit-avec-une-deficience-mentale-a-commence-a-montrer-des-ameliorations-en-utilisant-la-proinsuline-peptide-c\/","og_site_name":"Banned videos","article_published_time":"2022-07-04T15:00:31+00:00","article_modified_time":"2023-03-07T18:49:06+00:00","og_image":[{"width":640,"height":360,"url":"https:\/\/bannedvideos.net\/wp-content\/uploads\/2022\/10\/654027376.jpg","type":"image\/jpeg"}],"author":"bannedvideos","twitter_card":"summary_large_image","twitter_misc":{"\u00c9crit par":"bannedvideos","Dur\u00e9e de lecture estim\u00e9e":"1 minute"},"schema":{"@context":"https:\/\/schema.org","@graph":[{"@type":"ScholarlyArticle","@id":"https:\/\/bannedvideos.net\/fr\/ce-garcon-qui-vit-avec-une-deficience-mentale-a-commence-a-montrer-des-ameliorations-en-utilisant-la-proinsuline-peptide-c\/#article","isPartOf":{"@id":"https:\/\/bannedvideos.net\/fr\/ce-garcon-qui-vit-avec-une-deficience-mentale-a-commence-a-montrer-des-ameliorations-en-utilisant-la-proinsuline-peptide-c\/"},"author":{"name":"bannedvideos","@id":"https:\/\/bannedvideos.net\/en\/#\/schema\/person\/5e11e476417d892fdf821a0299f37a62"},"headline":"Ce gar\u00e7on, qui vit avec une d\u00e9ficience mentale, a commenc\u00e9 \u00e0 montrer des am\u00e9liorations en utilisant la proinsuline peptide C","datePublished":"2022-07-04T15:00:31+00:00","dateModified":"2023-03-07T18:49:06+00:00","mainEntityOfPage":{"@id":"https:\/\/bannedvideos.net\/fr\/ce-garcon-qui-vit-avec-une-deficience-mentale-a-commence-a-montrer-des-ameliorations-en-utilisant-la-proinsuline-peptide-c\/"},"wordCount":151,"publisher":{"@id":"https:\/\/bannedvideos.net\/en\/#organization"},"image":{"@id":"https:\/\/bannedvideos.net\/fr\/ce-garcon-qui-vit-avec-une-deficience-mentale-a-commence-a-montrer-des-ameliorations-en-utilisant-la-proinsuline-peptide-c\/#primaryimage"},"thumbnailUrl":"https:\/\/bannedvideos.net\/wp-content\/uploads\/2022\/10\/654027376.jpg","articleSection":["Syst\u00e8me nerveux","Troubles du d\u00e9veloppement"],"inLanguage":"fr-FR"},{"@type":"WebPage","@id":"https:\/\/bannedvideos.net\/fr\/ce-garcon-qui-vit-avec-une-deficience-mentale-a-commence-a-montrer-des-ameliorations-en-utilisant-la-proinsuline-peptide-c\/","url":"https:\/\/bannedvideos.net\/fr\/ce-garcon-qui-vit-avec-une-deficience-mentale-a-commence-a-montrer-des-ameliorations-en-utilisant-la-proinsuline-peptide-c\/","name":"Ce gar\u00e7on, qui vit avec une d\u00e9ficience mentale, a commenc\u00e9 \u00e0 montrer des am\u00e9liorations en utilisant la proinsuline peptide C - Banned videos","isPartOf":{"@id":"https:\/\/bannedvideos.net\/en\/#website"},"primaryImageOfPage":{"@id":"https:\/\/bannedvideos.net\/fr\/ce-garcon-qui-vit-avec-une-deficience-mentale-a-commence-a-montrer-des-ameliorations-en-utilisant-la-proinsuline-peptide-c\/#primaryimage"},"image":{"@id":"https:\/\/bannedvideos.net\/fr\/ce-garcon-qui-vit-avec-une-deficience-mentale-a-commence-a-montrer-des-ameliorations-en-utilisant-la-proinsuline-peptide-c\/#primaryimage"},"thumbnailUrl":"https:\/\/bannedvideos.net\/wp-content\/uploads\/2022\/10\/654027376.jpg","datePublished":"2022-07-04T15:00:31+00:00","dateModified":"2023-03-07T18:49:06+00:00","breadcrumb":{"@id":"https:\/\/bannedvideos.net\/fr\/ce-garcon-qui-vit-avec-une-deficience-mentale-a-commence-a-montrer-des-ameliorations-en-utilisant-la-proinsuline-peptide-c\/#breadcrumb"},"inLanguage":"fr-FR","potentialAction":[{"@type":"ReadAction","target":["https:\/\/bannedvideos.net\/fr\/ce-garcon-qui-vit-avec-une-deficience-mentale-a-commence-a-montrer-des-ameliorations-en-utilisant-la-proinsuline-peptide-c\/"]}]},{"@type":"ImageObject","inLanguage":"fr-FR","@id":"https:\/\/bannedvideos.net\/fr\/ce-garcon-qui-vit-avec-une-deficience-mentale-a-commence-a-montrer-des-ameliorations-en-utilisant-la-proinsuline-peptide-c\/#primaryimage","url":"https:\/\/bannedvideos.net\/wp-content\/uploads\/2022\/10\/654027376.jpg","contentUrl":"https:\/\/bannedvideos.net\/wp-content\/uploads\/2022\/10\/654027376.jpg","width":640,"height":360},{"@type":"BreadcrumbList","@id":"https:\/\/bannedvideos.net\/fr\/ce-garcon-qui-vit-avec-une-deficience-mentale-a-commence-a-montrer-des-ameliorations-en-utilisant-la-proinsuline-peptide-c\/#breadcrumb","itemListElement":[{"@type":"ListItem","position":1,"name":"Home","item":"https:\/\/bannedvideos.net\/fr\/"},{"@type":"ListItem","position":2,"name":"Ce gar\u00e7on, qui vit avec une d\u00e9ficience mentale, a commenc\u00e9 \u00e0 montrer des am\u00e9liorations en utilisant la proinsuline peptide C"}]},{"@type":"WebSite","@id":"https:\/\/bannedvideos.net\/en\/#website","url":"https:\/\/bannedvideos.net\/en\/","name":"Banned videos","description":"","publisher":{"@id":"https:\/\/bannedvideos.net\/en\/#organization"},"potentialAction":[{"@type":"SearchAction","target":{"@type":"EntryPoint","urlTemplate":"https:\/\/bannedvideos.net\/en\/?s={search_term_string}"},"query-input":{"@type":"PropertyValueSpecification","valueRequired":true,"valueName":"search_term_string"}}],"inLanguage":"fr-FR"},{"@type":"Organization","@id":"https:\/\/bannedvideos.net\/en\/#organization","name":"Banned videos","url":"https:\/\/bannedvideos.net\/en\/","logo":{"@type":"ImageObject","inLanguage":"fr-FR","@id":"https:\/\/bannedvideos.net\/en\/#\/schema\/logo\/image\/","url":"https:\/\/bannedvideos.net\/wp-content\/uploads\/2022\/07\/logo.png","contentUrl":"https:\/\/bannedvideos.net\/wp-content\/uploads\/2022\/07\/logo.png","width":1496,"height":1441,"caption":"Banned videos"},"image":{"@id":"https:\/\/bannedvideos.net\/en\/#\/schema\/logo\/image\/"}},{"@type":"Person","@id":"https:\/\/bannedvideos.net\/en\/#\/schema\/person\/5e11e476417d892fdf821a0299f37a62","name":"bannedvideos","image":{"@type":"ImageObject","inLanguage":"fr-FR","@id":"https:\/\/bannedvideos.net\/en\/#\/schema\/person\/image\/","url":"https:\/\/secure.gravatar.com\/avatar\/b843d2076fa08453002de35683e5a2f818cd3e18d2d4a37f2404adb0f08098b1?s=96&d=mm&r=g","contentUrl":"https:\/\/secure.gravatar.com\/avatar\/b843d2076fa08453002de35683e5a2f818cd3e18d2d4a37f2404adb0f08098b1?s=96&d=mm&r=g","caption":"bannedvideos"},"sameAs":["http:\/\/cpeptide.com"]}]}},"_links":{"self":[{"href":"https:\/\/bannedvideos.net\/fr\/wp-json\/wp\/v2\/posts\/61249","targetHints":{"allow":["GET"]}}],"collection":[{"href":"https:\/\/bannedvideos.net\/fr\/wp-json\/wp\/v2\/posts"}],"about":[{"href":"https:\/\/bannedvideos.net\/fr\/wp-json\/wp\/v2\/types\/post"}],"author":[{"embeddable":true,"href":"https:\/\/bannedvideos.net\/fr\/wp-json\/wp\/v2\/users\/1"}],"replies":[{"embeddable":true,"href":"https:\/\/bannedvideos.net\/fr\/wp-json\/wp\/v2\/comments?post=61249"}],"version-history":[{"count":1,"href":"https:\/\/bannedvideos.net\/fr\/wp-json\/wp\/v2\/posts\/61249\/revisions"}],"predecessor-version":[{"id":63038,"href":"https:\/\/bannedvideos.net\/fr\/wp-json\/wp\/v2\/posts\/61249\/revisions\/63038"}],"wp:featuredmedia":[{"embeddable":true,"href":"https:\/\/bannedvideos.net\/fr\/wp-json\/wp\/v2\/media\/54578"}],"wp:attachment":[{"href":"https:\/\/bannedvideos.net\/fr\/wp-json\/wp\/v2\/media?parent=61249"}],"wp:term":[{"taxonomy":"category","embeddable":true,"href":"https:\/\/bannedvideos.net\/fr\/wp-json\/wp\/v2\/categories?post=61249"},{"taxonomy":"post_tag","embeddable":true,"href":"https:\/\/bannedvideos.net\/fr\/wp-json\/wp\/v2\/tags?post=61249"}],"curies":[{"name":"wp","href":"https:\/\/api.w.org\/{rel}","templated":true}]}}