{"id":70719,"date":"2023-02-02T00:26:44","date_gmt":"2023-02-01T22:26:44","guid":{"rendered":"https:\/\/bannedvideos.net\/le-garcon-qui-a-subi-un-traumatisme-cranien-peut-desormais-faire-du-tricycle-et-conduire-un-tracteur-avec-son-pere\/"},"modified":"2023-03-07T21:00:11","modified_gmt":"2023-03-07T19:00:11","slug":"le-garcon-qui-a-subi-un-traumatisme-cranien-peut-desormais-faire-du-tricycle-et-conduire-un-tracteur-avec-son-pere","status":"publish","type":"post","link":"https:\/\/bannedvideos.net\/fr\/le-garcon-qui-a-subi-un-traumatisme-cranien-peut-desormais-faire-du-tricycle-et-conduire-un-tracteur-avec-son-pere\/","title":{"rendered":"Le gar\u00e7on, qui a subi un traumatisme cr\u00e2nien, peut d\u00e9sormais faire du tricycle et conduire un tracteur avec son p\u00e8re"},"content":{"rendered":"<p>Lorsque M\u00e1rko avait deux ans, un cheval lui a donn\u00e9 une ruade. Il a subi un traumatisme cr\u00e2nien. Il souffrait d&rsquo;une inflammation du cerveau et ses m\u00e9ninges \u00e9taient endommag\u00e9es. Il a \u00e9t\u00e9 emmen\u00e9 \u00e0 l&rsquo;h\u00f4pital, o\u00f9 il a \u00e9t\u00e9 op\u00e9r\u00e9. Il est rest\u00e9 dans le coma pendant 3 mois. Les m\u00e9decins l&rsquo;ont laiss\u00e9 rentrer chez lui, sachant qu&rsquo;ils lui avaient sauv\u00e9 la vie, mais ils ne voulaient pas donner de fausses illusions : il a presque compl\u00e8tement perdu ses capacit\u00e9s cognitives et ils pensaient que M\u00e1rk ne pourrait plus jamais se remettre debout. M\u00e1ria a entendu parler du peptide C par un professeur de d\u00e9veloppement et ils ont d\u00e9cid\u00e9 de l&rsquo;essayer. M\u00e1rk a alors commenc\u00e9 \u00e0 faire des progr\u00e8s. Il lui arrivait souvent de s&rsquo;\u00e9touffer et de ne pas pouvoir respirer correctement. Il souffrait r\u00e9guli\u00e8rement de fortes fi\u00e8vres. Aujourd&rsquo;hui, sa respiration est redevenue normale, ses nuits se passent paisiblement, et la fi\u00e8vre appartient au pass\u00e9. En outre, sa d\u00e9marche et sa posture sont devenues beaucoup plus stables. Apr\u00e8s son accident, l&rsquo;enfant \u00e9tait incapable de montrer ses \u00e9motions, comme faire preuve d&rsquo;amour, il ne riait ni ne souriait jamais. Aujourd&rsquo;hui, il embrasse tous ceux qu&rsquo;il aime et rit avec ses parents. Depuis le peptide C, il a commenc\u00e9 \u00e0 mieux comprendre, et maintenant il comprend ce que lui disent ses parents, il peut s&rsquo;exprimer de plus en plus habilement, il peut se faire comprendre de ses parents. Les enseignants sp\u00e9cialis\u00e9s ont \u00e9galement remarqu\u00e9 le grand bond en avant de M\u00e1rk et en sont tr\u00e8s heureux. Gr\u00e2ce \u00e0 ces progr\u00e8s, lui et sa famille sont devenus plus stables. \u00ab\u00a0Si lui va mieux, nous aussi\u00a0\u00bb. C&rsquo;est ainsi que le p\u00e8re a formul\u00e9 ce que ce changement signifie pour eux.<\/p>\n","protected":false},"excerpt":{"rendered":"<p>Lorsque M\u00e1rko avait deux ans, un cheval lui a donn\u00e9 une ruade. Il a subi un traumatisme cr\u00e2nien. Il souffrait d&rsquo;une inflammation du cerveau et ses m\u00e9ninges \u00e9taient endommag\u00e9es. Il a \u00e9t\u00e9 emmen\u00e9 \u00e0 l&rsquo;h\u00f4pital, o\u00f9 il a \u00e9t\u00e9 op\u00e9r\u00e9. Il est rest\u00e9 dans le coma pendant 3 mois. Les m\u00e9decins l&rsquo;ont laiss\u00e9 rentrer chez [&hellip;]<\/p>\n","protected":false},"author":1,"featured_media":70720,"comment_status":"closed","ping_status":"closed","sticky":false,"template":"","format":"video","meta":{"footnotes":""},"categories":[233],"tags":[],"class_list":{"0":"post-70719","1":"post","2":"type-post","3":"status-publish","4":"format-video","5":"has-post-thumbnail","7":"category-lesion-cerebrale-traumatique","8":"post_format-post-format-video"},"yoast_head":"<!-- This site is optimized with the Yoast SEO plugin v26.4 - https:\/\/yoast.com\/wordpress\/plugins\/seo\/ -->\n<title>Le gar\u00e7on, qui a subi un traumatisme cr\u00e2nien, peut d\u00e9sormais faire du tricycle et conduire un tracteur avec son p\u00e8re - Banned videos<\/title>\n<meta name=\"robots\" content=\"index, follow, max-snippet:-1, max-image-preview:large, max-video-preview:-1\" \/>\n<link rel=\"canonical\" href=\"https:\/\/bannedvideos.net\/fr\/le-garcon-qui-a-subi-un-traumatisme-cranien-peut-desormais-faire-du-tricycle-et-conduire-un-tracteur-avec-son-pere\/\" \/>\n<meta property=\"og:locale\" content=\"fr_FR\" \/>\n<meta property=\"og:type\" content=\"article\" \/>\n<meta property=\"og:title\" content=\"Le gar\u00e7on, qui a subi un traumatisme cr\u00e2nien, peut d\u00e9sormais faire du tricycle et conduire un tracteur avec son p\u00e8re - Banned videos\" \/>\n<meta property=\"og:description\" content=\"Lorsque M\u00e1rko avait deux ans, un cheval lui a donn\u00e9 une ruade. Il a subi un traumatisme cr\u00e2nien. Il souffrait d&rsquo;une inflammation du cerveau et ses m\u00e9ninges \u00e9taient endommag\u00e9es. Il a \u00e9t\u00e9 emmen\u00e9 \u00e0 l&rsquo;h\u00f4pital, o\u00f9 il a \u00e9t\u00e9 op\u00e9r\u00e9. Il est rest\u00e9 dans le coma pendant 3 mois. Les m\u00e9decins l&rsquo;ont laiss\u00e9 rentrer chez [&hellip;]\" \/>\n<meta property=\"og:url\" content=\"https:\/\/bannedvideos.net\/fr\/le-garcon-qui-a-subi-un-traumatisme-cranien-peut-desormais-faire-du-tricycle-et-conduire-un-tracteur-avec-son-pere\/\" \/>\n<meta property=\"og:site_name\" content=\"Banned videos\" \/>\n<meta property=\"article:published_time\" content=\"2023-02-01T22:26:44+00:00\" \/>\n<meta property=\"article:modified_time\" content=\"2023-03-07T19:00:11+00:00\" \/>\n<meta property=\"og:image\" content=\"https:\/\/bannedvideos.net\/wp-content\/uploads\/2023\/03\/795298491.jpg\" \/>\n\t<meta property=\"og:image:width\" content=\"295\" \/>\n\t<meta property=\"og:image:height\" content=\"166\" \/>\n\t<meta property=\"og:image:type\" content=\"image\/jpeg\" \/>\n<meta name=\"author\" content=\"bannedvideos\" \/>\n<meta name=\"twitter:card\" content=\"summary_large_image\" \/>\n<meta name=\"twitter:label1\" content=\"\u00c9crit par\" \/>\n\t<meta name=\"twitter:data1\" content=\"bannedvideos\" \/>\n\t<meta name=\"twitter:label2\" content=\"Dur\u00e9e de lecture estim\u00e9e\" \/>\n\t<meta name=\"twitter:data2\" content=\"2 minutes\" \/>\n<script type=\"application\/ld+json\" class=\"yoast-schema-graph\">{\"@context\":\"https:\/\/schema.org\",\"@graph\":[{\"@type\":\"ScholarlyArticle\",\"@id\":\"https:\/\/bannedvideos.net\/fr\/le-garcon-qui-a-subi-un-traumatisme-cranien-peut-desormais-faire-du-tricycle-et-conduire-un-tracteur-avec-son-pere\/#article\",\"isPartOf\":{\"@id\":\"https:\/\/bannedvideos.net\/fr\/le-garcon-qui-a-subi-un-traumatisme-cranien-peut-desormais-faire-du-tricycle-et-conduire-un-tracteur-avec-son-pere\/\"},\"author\":{\"name\":\"bannedvideos\",\"@id\":\"https:\/\/bannedvideos.net\/en\/#\/schema\/person\/5e11e476417d892fdf821a0299f37a62\"},\"headline\":\"Le gar\u00e7on, qui a subi un traumatisme cr\u00e2nien, peut d\u00e9sormais faire du tricycle et conduire un tracteur avec son p\u00e8re\",\"datePublished\":\"2023-02-01T22:26:44+00:00\",\"dateModified\":\"2023-03-07T19:00:11+00:00\",\"mainEntityOfPage\":{\"@id\":\"https:\/\/bannedvideos.net\/fr\/le-garcon-qui-a-subi-un-traumatisme-cranien-peut-desormais-faire-du-tricycle-et-conduire-un-tracteur-avec-son-pere\/\"},\"wordCount\":345,\"publisher\":{\"@id\":\"https:\/\/bannedvideos.net\/en\/#organization\"},\"image\":{\"@id\":\"https:\/\/bannedvideos.net\/fr\/le-garcon-qui-a-subi-un-traumatisme-cranien-peut-desormais-faire-du-tricycle-et-conduire-un-tracteur-avec-son-pere\/#primaryimage\"},\"thumbnailUrl\":\"https:\/\/bannedvideos.net\/wp-content\/uploads\/2023\/03\/795298491.jpg\",\"articleSection\":[\"L\u00e9sion c\u00e9r\u00e9brale traumatique\"],\"inLanguage\":\"fr-FR\"},{\"@type\":\"WebPage\",\"@id\":\"https:\/\/bannedvideos.net\/fr\/le-garcon-qui-a-subi-un-traumatisme-cranien-peut-desormais-faire-du-tricycle-et-conduire-un-tracteur-avec-son-pere\/\",\"url\":\"https:\/\/bannedvideos.net\/fr\/le-garcon-qui-a-subi-un-traumatisme-cranien-peut-desormais-faire-du-tricycle-et-conduire-un-tracteur-avec-son-pere\/\",\"name\":\"Le gar\u00e7on, qui a subi un traumatisme cr\u00e2nien, peut d\u00e9sormais faire du tricycle et conduire un tracteur avec son p\u00e8re - Banned videos\",\"isPartOf\":{\"@id\":\"https:\/\/bannedvideos.net\/en\/#website\"},\"primaryImageOfPage\":{\"@id\":\"https:\/\/bannedvideos.net\/fr\/le-garcon-qui-a-subi-un-traumatisme-cranien-peut-desormais-faire-du-tricycle-et-conduire-un-tracteur-avec-son-pere\/#primaryimage\"},\"image\":{\"@id\":\"https:\/\/bannedvideos.net\/fr\/le-garcon-qui-a-subi-un-traumatisme-cranien-peut-desormais-faire-du-tricycle-et-conduire-un-tracteur-avec-son-pere\/#primaryimage\"},\"thumbnailUrl\":\"https:\/\/bannedvideos.net\/wp-content\/uploads\/2023\/03\/795298491.jpg\",\"datePublished\":\"2023-02-01T22:26:44+00:00\",\"dateModified\":\"2023-03-07T19:00:11+00:00\",\"breadcrumb\":{\"@id\":\"https:\/\/bannedvideos.net\/fr\/le-garcon-qui-a-subi-un-traumatisme-cranien-peut-desormais-faire-du-tricycle-et-conduire-un-tracteur-avec-son-pere\/#breadcrumb\"},\"inLanguage\":\"fr-FR\",\"potentialAction\":[{\"@type\":\"ReadAction\",\"target\":[\"https:\/\/bannedvideos.net\/fr\/le-garcon-qui-a-subi-un-traumatisme-cranien-peut-desormais-faire-du-tricycle-et-conduire-un-tracteur-avec-son-pere\/\"]}]},{\"@type\":\"ImageObject\",\"inLanguage\":\"fr-FR\",\"@id\":\"https:\/\/bannedvideos.net\/fr\/le-garcon-qui-a-subi-un-traumatisme-cranien-peut-desormais-faire-du-tricycle-et-conduire-un-tracteur-avec-son-pere\/#primaryimage\",\"url\":\"https:\/\/bannedvideos.net\/wp-content\/uploads\/2023\/03\/795298491.jpg\",\"contentUrl\":\"https:\/\/bannedvideos.net\/wp-content\/uploads\/2023\/03\/795298491.jpg\",\"width\":295,\"height\":166},{\"@type\":\"BreadcrumbList\",\"@id\":\"https:\/\/bannedvideos.net\/fr\/le-garcon-qui-a-subi-un-traumatisme-cranien-peut-desormais-faire-du-tricycle-et-conduire-un-tracteur-avec-son-pere\/#breadcrumb\",\"itemListElement\":[{\"@type\":\"ListItem\",\"position\":1,\"name\":\"Home\",\"item\":\"https:\/\/bannedvideos.net\/fr\/\"},{\"@type\":\"ListItem\",\"position\":2,\"name\":\"Le gar\u00e7on, qui a subi un traumatisme cr\u00e2nien, peut d\u00e9sormais faire du tricycle et conduire un tracteur avec son p\u00e8re\"}]},{\"@type\":\"WebSite\",\"@id\":\"https:\/\/bannedvideos.net\/en\/#website\",\"url\":\"https:\/\/bannedvideos.net\/en\/\",\"name\":\"Banned videos\",\"description\":\"\",\"publisher\":{\"@id\":\"https:\/\/bannedvideos.net\/en\/#organization\"},\"potentialAction\":[{\"@type\":\"SearchAction\",\"target\":{\"@type\":\"EntryPoint\",\"urlTemplate\":\"https:\/\/bannedvideos.net\/en\/?s={search_term_string}\"},\"query-input\":{\"@type\":\"PropertyValueSpecification\",\"valueRequired\":true,\"valueName\":\"search_term_string\"}}],\"inLanguage\":\"fr-FR\"},{\"@type\":\"Organization\",\"@id\":\"https:\/\/bannedvideos.net\/en\/#organization\",\"name\":\"Banned videos\",\"url\":\"https:\/\/bannedvideos.net\/en\/\",\"logo\":{\"@type\":\"ImageObject\",\"inLanguage\":\"fr-FR\",\"@id\":\"https:\/\/bannedvideos.net\/en\/#\/schema\/logo\/image\/\",\"url\":\"https:\/\/bannedvideos.net\/wp-content\/uploads\/2022\/07\/logo.png\",\"contentUrl\":\"https:\/\/bannedvideos.net\/wp-content\/uploads\/2022\/07\/logo.png\",\"width\":1496,\"height\":1441,\"caption\":\"Banned videos\"},\"image\":{\"@id\":\"https:\/\/bannedvideos.net\/en\/#\/schema\/logo\/image\/\"}},{\"@type\":\"Person\",\"@id\":\"https:\/\/bannedvideos.net\/en\/#\/schema\/person\/5e11e476417d892fdf821a0299f37a62\",\"name\":\"bannedvideos\",\"image\":{\"@type\":\"ImageObject\",\"inLanguage\":\"fr-FR\",\"@id\":\"https:\/\/bannedvideos.net\/en\/#\/schema\/person\/image\/\",\"url\":\"https:\/\/secure.gravatar.com\/avatar\/b843d2076fa08453002de35683e5a2f818cd3e18d2d4a37f2404adb0f08098b1?s=96&d=mm&r=g\",\"contentUrl\":\"https:\/\/secure.gravatar.com\/avatar\/b843d2076fa08453002de35683e5a2f818cd3e18d2d4a37f2404adb0f08098b1?s=96&d=mm&r=g\",\"caption\":\"bannedvideos\"},\"sameAs\":[\"http:\/\/cpeptide.com\"]}]}<\/script>\n<!-- \/ Yoast SEO plugin. -->","yoast_head_json":{"title":"Le gar\u00e7on, qui a subi un traumatisme cr\u00e2nien, peut d\u00e9sormais faire du tricycle et conduire un tracteur avec son p\u00e8re - Banned videos","robots":{"index":"index","follow":"follow","max-snippet":"max-snippet:-1","max-image-preview":"max-image-preview:large","max-video-preview":"max-video-preview:-1"},"canonical":"https:\/\/bannedvideos.net\/fr\/le-garcon-qui-a-subi-un-traumatisme-cranien-peut-desormais-faire-du-tricycle-et-conduire-un-tracteur-avec-son-pere\/","og_locale":"fr_FR","og_type":"article","og_title":"Le gar\u00e7on, qui a subi un traumatisme cr\u00e2nien, peut d\u00e9sormais faire du tricycle et conduire un tracteur avec son p\u00e8re - Banned videos","og_description":"Lorsque M\u00e1rko avait deux ans, un cheval lui a donn\u00e9 une ruade. Il a subi un traumatisme cr\u00e2nien. Il souffrait d&rsquo;une inflammation du cerveau et ses m\u00e9ninges \u00e9taient endommag\u00e9es. Il a \u00e9t\u00e9 emmen\u00e9 \u00e0 l&rsquo;h\u00f4pital, o\u00f9 il a \u00e9t\u00e9 op\u00e9r\u00e9. Il est rest\u00e9 dans le coma pendant 3 mois. Les m\u00e9decins l&rsquo;ont laiss\u00e9 rentrer chez [&hellip;]","og_url":"https:\/\/bannedvideos.net\/fr\/le-garcon-qui-a-subi-un-traumatisme-cranien-peut-desormais-faire-du-tricycle-et-conduire-un-tracteur-avec-son-pere\/","og_site_name":"Banned videos","article_published_time":"2023-02-01T22:26:44+00:00","article_modified_time":"2023-03-07T19:00:11+00:00","og_image":[{"width":295,"height":166,"url":"https:\/\/bannedvideos.net\/wp-content\/uploads\/2023\/03\/795298491.jpg","type":"image\/jpeg"}],"author":"bannedvideos","twitter_card":"summary_large_image","twitter_misc":{"\u00c9crit par":"bannedvideos","Dur\u00e9e de lecture estim\u00e9e":"2 minutes"},"schema":{"@context":"https:\/\/schema.org","@graph":[{"@type":"ScholarlyArticle","@id":"https:\/\/bannedvideos.net\/fr\/le-garcon-qui-a-subi-un-traumatisme-cranien-peut-desormais-faire-du-tricycle-et-conduire-un-tracteur-avec-son-pere\/#article","isPartOf":{"@id":"https:\/\/bannedvideos.net\/fr\/le-garcon-qui-a-subi-un-traumatisme-cranien-peut-desormais-faire-du-tricycle-et-conduire-un-tracteur-avec-son-pere\/"},"author":{"name":"bannedvideos","@id":"https:\/\/bannedvideos.net\/en\/#\/schema\/person\/5e11e476417d892fdf821a0299f37a62"},"headline":"Le gar\u00e7on, qui a subi un traumatisme cr\u00e2nien, peut d\u00e9sormais faire du tricycle et conduire un tracteur avec son p\u00e8re","datePublished":"2023-02-01T22:26:44+00:00","dateModified":"2023-03-07T19:00:11+00:00","mainEntityOfPage":{"@id":"https:\/\/bannedvideos.net\/fr\/le-garcon-qui-a-subi-un-traumatisme-cranien-peut-desormais-faire-du-tricycle-et-conduire-un-tracteur-avec-son-pere\/"},"wordCount":345,"publisher":{"@id":"https:\/\/bannedvideos.net\/en\/#organization"},"image":{"@id":"https:\/\/bannedvideos.net\/fr\/le-garcon-qui-a-subi-un-traumatisme-cranien-peut-desormais-faire-du-tricycle-et-conduire-un-tracteur-avec-son-pere\/#primaryimage"},"thumbnailUrl":"https:\/\/bannedvideos.net\/wp-content\/uploads\/2023\/03\/795298491.jpg","articleSection":["L\u00e9sion c\u00e9r\u00e9brale traumatique"],"inLanguage":"fr-FR"},{"@type":"WebPage","@id":"https:\/\/bannedvideos.net\/fr\/le-garcon-qui-a-subi-un-traumatisme-cranien-peut-desormais-faire-du-tricycle-et-conduire-un-tracteur-avec-son-pere\/","url":"https:\/\/bannedvideos.net\/fr\/le-garcon-qui-a-subi-un-traumatisme-cranien-peut-desormais-faire-du-tricycle-et-conduire-un-tracteur-avec-son-pere\/","name":"Le gar\u00e7on, qui a subi un traumatisme cr\u00e2nien, peut d\u00e9sormais faire du tricycle et conduire un tracteur avec son p\u00e8re - Banned videos","isPartOf":{"@id":"https:\/\/bannedvideos.net\/en\/#website"},"primaryImageOfPage":{"@id":"https:\/\/bannedvideos.net\/fr\/le-garcon-qui-a-subi-un-traumatisme-cranien-peut-desormais-faire-du-tricycle-et-conduire-un-tracteur-avec-son-pere\/#primaryimage"},"image":{"@id":"https:\/\/bannedvideos.net\/fr\/le-garcon-qui-a-subi-un-traumatisme-cranien-peut-desormais-faire-du-tricycle-et-conduire-un-tracteur-avec-son-pere\/#primaryimage"},"thumbnailUrl":"https:\/\/bannedvideos.net\/wp-content\/uploads\/2023\/03\/795298491.jpg","datePublished":"2023-02-01T22:26:44+00:00","dateModified":"2023-03-07T19:00:11+00:00","breadcrumb":{"@id":"https:\/\/bannedvideos.net\/fr\/le-garcon-qui-a-subi-un-traumatisme-cranien-peut-desormais-faire-du-tricycle-et-conduire-un-tracteur-avec-son-pere\/#breadcrumb"},"inLanguage":"fr-FR","potentialAction":[{"@type":"ReadAction","target":["https:\/\/bannedvideos.net\/fr\/le-garcon-qui-a-subi-un-traumatisme-cranien-peut-desormais-faire-du-tricycle-et-conduire-un-tracteur-avec-son-pere\/"]}]},{"@type":"ImageObject","inLanguage":"fr-FR","@id":"https:\/\/bannedvideos.net\/fr\/le-garcon-qui-a-subi-un-traumatisme-cranien-peut-desormais-faire-du-tricycle-et-conduire-un-tracteur-avec-son-pere\/#primaryimage","url":"https:\/\/bannedvideos.net\/wp-content\/uploads\/2023\/03\/795298491.jpg","contentUrl":"https:\/\/bannedvideos.net\/wp-content\/uploads\/2023\/03\/795298491.jpg","width":295,"height":166},{"@type":"BreadcrumbList","@id":"https:\/\/bannedvideos.net\/fr\/le-garcon-qui-a-subi-un-traumatisme-cranien-peut-desormais-faire-du-tricycle-et-conduire-un-tracteur-avec-son-pere\/#breadcrumb","itemListElement":[{"@type":"ListItem","position":1,"name":"Home","item":"https:\/\/bannedvideos.net\/fr\/"},{"@type":"ListItem","position":2,"name":"Le gar\u00e7on, qui a subi un traumatisme cr\u00e2nien, peut d\u00e9sormais faire du tricycle et conduire un tracteur avec son p\u00e8re"}]},{"@type":"WebSite","@id":"https:\/\/bannedvideos.net\/en\/#website","url":"https:\/\/bannedvideos.net\/en\/","name":"Banned videos","description":"","publisher":{"@id":"https:\/\/bannedvideos.net\/en\/#organization"},"potentialAction":[{"@type":"SearchAction","target":{"@type":"EntryPoint","urlTemplate":"https:\/\/bannedvideos.net\/en\/?s={search_term_string}"},"query-input":{"@type":"PropertyValueSpecification","valueRequired":true,"valueName":"search_term_string"}}],"inLanguage":"fr-FR"},{"@type":"Organization","@id":"https:\/\/bannedvideos.net\/en\/#organization","name":"Banned videos","url":"https:\/\/bannedvideos.net\/en\/","logo":{"@type":"ImageObject","inLanguage":"fr-FR","@id":"https:\/\/bannedvideos.net\/en\/#\/schema\/logo\/image\/","url":"https:\/\/bannedvideos.net\/wp-content\/uploads\/2022\/07\/logo.png","contentUrl":"https:\/\/bannedvideos.net\/wp-content\/uploads\/2022\/07\/logo.png","width":1496,"height":1441,"caption":"Banned videos"},"image":{"@id":"https:\/\/bannedvideos.net\/en\/#\/schema\/logo\/image\/"}},{"@type":"Person","@id":"https:\/\/bannedvideos.net\/en\/#\/schema\/person\/5e11e476417d892fdf821a0299f37a62","name":"bannedvideos","image":{"@type":"ImageObject","inLanguage":"fr-FR","@id":"https:\/\/bannedvideos.net\/en\/#\/schema\/person\/image\/","url":"https:\/\/secure.gravatar.com\/avatar\/b843d2076fa08453002de35683e5a2f818cd3e18d2d4a37f2404adb0f08098b1?s=96&d=mm&r=g","contentUrl":"https:\/\/secure.gravatar.com\/avatar\/b843d2076fa08453002de35683e5a2f818cd3e18d2d4a37f2404adb0f08098b1?s=96&d=mm&r=g","caption":"bannedvideos"},"sameAs":["http:\/\/cpeptide.com"]}]}},"_links":{"self":[{"href":"https:\/\/bannedvideos.net\/fr\/wp-json\/wp\/v2\/posts\/70719","targetHints":{"allow":["GET"]}}],"collection":[{"href":"https:\/\/bannedvideos.net\/fr\/wp-json\/wp\/v2\/posts"}],"about":[{"href":"https:\/\/bannedvideos.net\/fr\/wp-json\/wp\/v2\/types\/post"}],"author":[{"embeddable":true,"href":"https:\/\/bannedvideos.net\/fr\/wp-json\/wp\/v2\/users\/1"}],"replies":[{"embeddable":true,"href":"https:\/\/bannedvideos.net\/fr\/wp-json\/wp\/v2\/comments?post=70719"}],"version-history":[{"count":0,"href":"https:\/\/bannedvideos.net\/fr\/wp-json\/wp\/v2\/posts\/70719\/revisions"}],"wp:featuredmedia":[{"embeddable":true,"href":"https:\/\/bannedvideos.net\/fr\/wp-json\/wp\/v2\/media\/70720"}],"wp:attachment":[{"href":"https:\/\/bannedvideos.net\/fr\/wp-json\/wp\/v2\/media?parent=70719"}],"wp:term":[{"taxonomy":"category","embeddable":true,"href":"https:\/\/bannedvideos.net\/fr\/wp-json\/wp\/v2\/categories?post=70719"},{"taxonomy":"post_tag","embeddable":true,"href":"https:\/\/bannedvideos.net\/fr\/wp-json\/wp\/v2\/tags?post=70719"}],"curies":[{"name":"wp","href":"https:\/\/api.w.org\/{rel}","templated":true}]}}