{"id":126621,"date":"2022-07-04T17:00:31","date_gmt":"2022-07-04T15:00:31","guid":{"rendered":"https:\/\/bannedvideos.net\/djecak-s-neuroloskom-retardacijom-poceo-se-razvijati-zahvaljujuci-c-peptidu\/"},"modified":"2025-04-27T11:24:23","modified_gmt":"2025-04-27T09:24:23","slug":"djecak-s-neuroloskom-retardacijom-poceo-se-razvijati-zahvaljujuci-c-peptidu","status":"publish","type":"post","link":"https:\/\/bannedvideos.net\/hr\/djecak-s-neuroloskom-retardacijom-poceo-se-razvijati-zahvaljujuci-c-peptidu\/","title":{"rendered":"Dje\u010dak s neurolo\u0161kom retardacijom po\u010deo se razvijati zahvaljuju\u0107i C-peptidu"},"content":{"rendered":"<p>Benjamin je ro\u0111en u osmom mjesecu, bez kisika. Dijagnosticirana mu je cerebralna paraliza, \u0161to zna\u010di da se \u017eiv\u010dani sustav ne razvija kako treba, \u0161to rezultira pote\u0161ko\u0107ama u kretanju. Lije\u010dnici su svojedobno mislili da dje\u010dak nikada ne\u0107e nau\u010diti hodati.<\/p>\n<p>Me\u0111utim, roditelji su primijetili da se dje\u010dakov \u017eiv\u010dani sustav po\u010deo razvijati, a motori\u010dke funkcije njegovog tijela kao da su se pokrenule. Benjamin sada u\u017eiva u ljuljanju i plivanju, a i jede s dobrim apetitom, \u0161to mu tako\u0111er nije bilo svojstveno. Po\u010deo je komunicirati i gestama.<\/p>\n","protected":false},"excerpt":{"rendered":"<p>Benjamin je ro\u0111en u osmom mjesecu, bez kisika. Dijagnosticirana mu je cerebralna paraliza, \u0161to zna\u010di da se \u017eiv\u010dani sustav ne razvija kako treba, \u0161to rezultira pote\u0161ko\u0107ama u kretanju. Lije\u010dnici su svojedobno mislili da dje\u010dak nikada ne\u0107e nau\u010diti hodati. Me\u0111utim, roditelji su primijetili da se dje\u010dakov \u017eiv\u010dani sustav po\u010deo razvijati, a motori\u010dke funkcije njegovog tijela kao [&hellip;]<\/p>\n","protected":false},"author":4,"featured_media":126622,"comment_status":"closed","ping_status":"closed","sticky":false,"template":"","format":"video","meta":{"footnotes":""},"categories":[1047,977],"tags":[],"class_list":{"0":"post-126621","1":"post","2":"type-post","3":"status-publish","4":"format-video","5":"has-post-thumbnail","7":"category-smetnje-u-razvoju","8":"category-zivcni-sustav","9":"post_format-post-format-video"},"yoast_head":"<!-- This site is optimized with the Yoast SEO plugin v26.4 - https:\/\/yoast.com\/wordpress\/plugins\/seo\/ -->\n<title>Dje\u010dak s neurolo\u0161kom retardacijom po\u010deo se razvijati zahvaljuju\u0107i C-peptidu - Banned videos<\/title>\n<meta name=\"robots\" content=\"index, follow, max-snippet:-1, max-image-preview:large, max-video-preview:-1\" \/>\n<link rel=\"canonical\" href=\"https:\/\/bannedvideos.net\/hr\/djecak-s-neuroloskom-retardacijom-poceo-se-razvijati-zahvaljujuci-c-peptidu\/\" \/>\n<meta property=\"og:locale\" content=\"hr_HR\" \/>\n<meta property=\"og:type\" content=\"article\" \/>\n<meta property=\"og:title\" content=\"Dje\u010dak s neurolo\u0161kom retardacijom po\u010deo se razvijati zahvaljuju\u0107i C-peptidu - Banned videos\" \/>\n<meta property=\"og:description\" content=\"Benjamin je ro\u0111en u osmom mjesecu, bez kisika. Dijagnosticirana mu je cerebralna paraliza, \u0161to zna\u010di da se \u017eiv\u010dani sustav ne razvija kako treba, \u0161to rezultira pote\u0161ko\u0107ama u kretanju. Lije\u010dnici su svojedobno mislili da dje\u010dak nikada ne\u0107e nau\u010diti hodati. Me\u0111utim, roditelji su primijetili da se dje\u010dakov \u017eiv\u010dani sustav po\u010deo razvijati, a motori\u010dke funkcije njegovog tijela kao [&hellip;]\" \/>\n<meta property=\"og:url\" content=\"https:\/\/bannedvideos.net\/hr\/djecak-s-neuroloskom-retardacijom-poceo-se-razvijati-zahvaljujuci-c-peptidu\/\" \/>\n<meta property=\"og:site_name\" content=\"Banned videos\" \/>\n<meta property=\"article:published_time\" content=\"2022-07-04T15:00:31+00:00\" \/>\n<meta property=\"article:modified_time\" content=\"2025-04-27T09:24:23+00:00\" \/>\n<meta property=\"og:image\" content=\"https:\/\/bannedvideos.net\/wp-content\/uploads\/2025\/04\/1061986829.jpg\" \/>\n\t<meta property=\"og:image:width\" content=\"295\" \/>\n\t<meta property=\"og:image:height\" content=\"166\" \/>\n\t<meta property=\"og:image:type\" content=\"image\/jpeg\" \/>\n<meta name=\"author\" content=\"bannedvideos\" \/>\n<meta name=\"twitter:card\" content=\"summary_large_image\" \/>\n<meta name=\"twitter:label1\" content=\"Napisao\/la\" \/>\n\t<meta name=\"twitter:data1\" content=\"bannedvideos\" \/>\n\t<meta name=\"twitter:label2\" content=\"Procijenjeno vrijeme \u010ditanja\" \/>\n\t<meta name=\"twitter:data2\" content=\"1 minuta\" \/>\n<script type=\"application\/ld+json\" class=\"yoast-schema-graph\">{\"@context\":\"https:\/\/schema.org\",\"@graph\":[{\"@type\":\"ScholarlyArticle\",\"@id\":\"https:\/\/bannedvideos.net\/hr\/djecak-s-neuroloskom-retardacijom-poceo-se-razvijati-zahvaljujuci-c-peptidu\/#article\",\"isPartOf\":{\"@id\":\"https:\/\/bannedvideos.net\/hr\/djecak-s-neuroloskom-retardacijom-poceo-se-razvijati-zahvaljujuci-c-peptidu\/\"},\"author\":{\"name\":\"bannedvideos\",\"@id\":\"https:\/\/bannedvideos.net\/en\/#\/schema\/person\/6901bae47f89066856a9d2c7faa5ebd2\"},\"headline\":\"Dje\u010dak s neurolo\u0161kom retardacijom po\u010deo se razvijati zahvaljuju\u0107i C-peptidu\",\"datePublished\":\"2022-07-04T15:00:31+00:00\",\"dateModified\":\"2025-04-27T09:24:23+00:00\",\"mainEntityOfPage\":{\"@id\":\"https:\/\/bannedvideos.net\/hr\/djecak-s-neuroloskom-retardacijom-poceo-se-razvijati-zahvaljujuci-c-peptidu\/\"},\"wordCount\":113,\"publisher\":{\"@id\":\"https:\/\/bannedvideos.net\/en\/#organization\"},\"image\":{\"@id\":\"https:\/\/bannedvideos.net\/hr\/djecak-s-neuroloskom-retardacijom-poceo-se-razvijati-zahvaljujuci-c-peptidu\/#primaryimage\"},\"thumbnailUrl\":\"https:\/\/bannedvideos.net\/wp-content\/uploads\/2025\/04\/1061986829.jpg\",\"articleSection\":[\"Smetnje u razvoju\",\"\u017div\u010dni sustav\"],\"inLanguage\":\"hr\"},{\"@type\":\"WebPage\",\"@id\":\"https:\/\/bannedvideos.net\/hr\/djecak-s-neuroloskom-retardacijom-poceo-se-razvijati-zahvaljujuci-c-peptidu\/\",\"url\":\"https:\/\/bannedvideos.net\/hr\/djecak-s-neuroloskom-retardacijom-poceo-se-razvijati-zahvaljujuci-c-peptidu\/\",\"name\":\"Dje\u010dak s neurolo\u0161kom retardacijom po\u010deo se razvijati zahvaljuju\u0107i C-peptidu - Banned videos\",\"isPartOf\":{\"@id\":\"https:\/\/bannedvideos.net\/en\/#website\"},\"primaryImageOfPage\":{\"@id\":\"https:\/\/bannedvideos.net\/hr\/djecak-s-neuroloskom-retardacijom-poceo-se-razvijati-zahvaljujuci-c-peptidu\/#primaryimage\"},\"image\":{\"@id\":\"https:\/\/bannedvideos.net\/hr\/djecak-s-neuroloskom-retardacijom-poceo-se-razvijati-zahvaljujuci-c-peptidu\/#primaryimage\"},\"thumbnailUrl\":\"https:\/\/bannedvideos.net\/wp-content\/uploads\/2025\/04\/1061986829.jpg\",\"datePublished\":\"2022-07-04T15:00:31+00:00\",\"dateModified\":\"2025-04-27T09:24:23+00:00\",\"breadcrumb\":{\"@id\":\"https:\/\/bannedvideos.net\/hr\/djecak-s-neuroloskom-retardacijom-poceo-se-razvijati-zahvaljujuci-c-peptidu\/#breadcrumb\"},\"inLanguage\":\"hr\",\"potentialAction\":[{\"@type\":\"ReadAction\",\"target\":[\"https:\/\/bannedvideos.net\/hr\/djecak-s-neuroloskom-retardacijom-poceo-se-razvijati-zahvaljujuci-c-peptidu\/\"]}]},{\"@type\":\"ImageObject\",\"inLanguage\":\"hr\",\"@id\":\"https:\/\/bannedvideos.net\/hr\/djecak-s-neuroloskom-retardacijom-poceo-se-razvijati-zahvaljujuci-c-peptidu\/#primaryimage\",\"url\":\"https:\/\/bannedvideos.net\/wp-content\/uploads\/2025\/04\/1061986829.jpg\",\"contentUrl\":\"https:\/\/bannedvideos.net\/wp-content\/uploads\/2025\/04\/1061986829.jpg\",\"width\":295,\"height\":166},{\"@type\":\"BreadcrumbList\",\"@id\":\"https:\/\/bannedvideos.net\/hr\/djecak-s-neuroloskom-retardacijom-poceo-se-razvijati-zahvaljujuci-c-peptidu\/#breadcrumb\",\"itemListElement\":[{\"@type\":\"ListItem\",\"position\":1,\"name\":\"Home\",\"item\":\"https:\/\/bannedvideos.net\/hr\/\"},{\"@type\":\"ListItem\",\"position\":2,\"name\":\"Dje\u010dak s neurolo\u0161kom retardacijom po\u010deo se razvijati zahvaljuju\u0107i C-peptidu\"}]},{\"@type\":\"WebSite\",\"@id\":\"https:\/\/bannedvideos.net\/en\/#website\",\"url\":\"https:\/\/bannedvideos.net\/en\/\",\"name\":\"Banned videos\",\"description\":\"\",\"publisher\":{\"@id\":\"https:\/\/bannedvideos.net\/en\/#organization\"},\"potentialAction\":[{\"@type\":\"SearchAction\",\"target\":{\"@type\":\"EntryPoint\",\"urlTemplate\":\"https:\/\/bannedvideos.net\/en\/?s={search_term_string}\"},\"query-input\":{\"@type\":\"PropertyValueSpecification\",\"valueRequired\":true,\"valueName\":\"search_term_string\"}}],\"inLanguage\":\"hr\"},{\"@type\":\"Organization\",\"@id\":\"https:\/\/bannedvideos.net\/en\/#organization\",\"name\":\"Banned videos\",\"url\":\"https:\/\/bannedvideos.net\/en\/\",\"logo\":{\"@type\":\"ImageObject\",\"inLanguage\":\"hr\",\"@id\":\"https:\/\/bannedvideos.net\/en\/#\/schema\/logo\/image\/\",\"url\":\"https:\/\/bannedvideos.net\/wp-content\/uploads\/2022\/07\/logo.png\",\"contentUrl\":\"https:\/\/bannedvideos.net\/wp-content\/uploads\/2022\/07\/logo.png\",\"width\":1496,\"height\":1441,\"caption\":\"Banned videos\"},\"image\":{\"@id\":\"https:\/\/bannedvideos.net\/en\/#\/schema\/logo\/image\/\"}},{\"@type\":\"Person\",\"@id\":\"https:\/\/bannedvideos.net\/en\/#\/schema\/person\/6901bae47f89066856a9d2c7faa5ebd2\",\"name\":\"bannedvideos\",\"image\":{\"@type\":\"ImageObject\",\"inLanguage\":\"hr\",\"@id\":\"https:\/\/bannedvideos.net\/en\/#\/schema\/person\/image\/\",\"url\":\"https:\/\/secure.gravatar.com\/avatar\/1f862b55a0861f605d25254d402b1f68536d9e9d320d9e14040debcefacf6342?s=96&d=mm&r=g\",\"contentUrl\":\"https:\/\/secure.gravatar.com\/avatar\/1f862b55a0861f605d25254d402b1f68536d9e9d320d9e14040debcefacf6342?s=96&d=mm&r=g\",\"caption\":\"bannedvideos\"}}]}<\/script>\n<!-- \/ Yoast SEO plugin. -->","yoast_head_json":{"title":"Dje\u010dak s neurolo\u0161kom retardacijom po\u010deo se razvijati zahvaljuju\u0107i C-peptidu - Banned videos","robots":{"index":"index","follow":"follow","max-snippet":"max-snippet:-1","max-image-preview":"max-image-preview:large","max-video-preview":"max-video-preview:-1"},"canonical":"https:\/\/bannedvideos.net\/hr\/djecak-s-neuroloskom-retardacijom-poceo-se-razvijati-zahvaljujuci-c-peptidu\/","og_locale":"hr_HR","og_type":"article","og_title":"Dje\u010dak s neurolo\u0161kom retardacijom po\u010deo se razvijati zahvaljuju\u0107i C-peptidu - Banned videos","og_description":"Benjamin je ro\u0111en u osmom mjesecu, bez kisika. Dijagnosticirana mu je cerebralna paraliza, \u0161to zna\u010di da se \u017eiv\u010dani sustav ne razvija kako treba, \u0161to rezultira pote\u0161ko\u0107ama u kretanju. Lije\u010dnici su svojedobno mislili da dje\u010dak nikada ne\u0107e nau\u010diti hodati. Me\u0111utim, roditelji su primijetili da se dje\u010dakov \u017eiv\u010dani sustav po\u010deo razvijati, a motori\u010dke funkcije njegovog tijela kao [&hellip;]","og_url":"https:\/\/bannedvideos.net\/hr\/djecak-s-neuroloskom-retardacijom-poceo-se-razvijati-zahvaljujuci-c-peptidu\/","og_site_name":"Banned videos","article_published_time":"2022-07-04T15:00:31+00:00","article_modified_time":"2025-04-27T09:24:23+00:00","og_image":[{"width":295,"height":166,"url":"https:\/\/bannedvideos.net\/wp-content\/uploads\/2025\/04\/1061986829.jpg","type":"image\/jpeg"}],"author":"bannedvideos","twitter_card":"summary_large_image","twitter_misc":{"Napisao\/la":"bannedvideos","Procijenjeno vrijeme \u010ditanja":"1 minuta"},"schema":{"@context":"https:\/\/schema.org","@graph":[{"@type":"ScholarlyArticle","@id":"https:\/\/bannedvideos.net\/hr\/djecak-s-neuroloskom-retardacijom-poceo-se-razvijati-zahvaljujuci-c-peptidu\/#article","isPartOf":{"@id":"https:\/\/bannedvideos.net\/hr\/djecak-s-neuroloskom-retardacijom-poceo-se-razvijati-zahvaljujuci-c-peptidu\/"},"author":{"name":"bannedvideos","@id":"https:\/\/bannedvideos.net\/en\/#\/schema\/person\/6901bae47f89066856a9d2c7faa5ebd2"},"headline":"Dje\u010dak s neurolo\u0161kom retardacijom po\u010deo se razvijati zahvaljuju\u0107i C-peptidu","datePublished":"2022-07-04T15:00:31+00:00","dateModified":"2025-04-27T09:24:23+00:00","mainEntityOfPage":{"@id":"https:\/\/bannedvideos.net\/hr\/djecak-s-neuroloskom-retardacijom-poceo-se-razvijati-zahvaljujuci-c-peptidu\/"},"wordCount":113,"publisher":{"@id":"https:\/\/bannedvideos.net\/en\/#organization"},"image":{"@id":"https:\/\/bannedvideos.net\/hr\/djecak-s-neuroloskom-retardacijom-poceo-se-razvijati-zahvaljujuci-c-peptidu\/#primaryimage"},"thumbnailUrl":"https:\/\/bannedvideos.net\/wp-content\/uploads\/2025\/04\/1061986829.jpg","articleSection":["Smetnje u razvoju","\u017div\u010dni sustav"],"inLanguage":"hr"},{"@type":"WebPage","@id":"https:\/\/bannedvideos.net\/hr\/djecak-s-neuroloskom-retardacijom-poceo-se-razvijati-zahvaljujuci-c-peptidu\/","url":"https:\/\/bannedvideos.net\/hr\/djecak-s-neuroloskom-retardacijom-poceo-se-razvijati-zahvaljujuci-c-peptidu\/","name":"Dje\u010dak s neurolo\u0161kom retardacijom po\u010deo se razvijati zahvaljuju\u0107i C-peptidu - Banned videos","isPartOf":{"@id":"https:\/\/bannedvideos.net\/en\/#website"},"primaryImageOfPage":{"@id":"https:\/\/bannedvideos.net\/hr\/djecak-s-neuroloskom-retardacijom-poceo-se-razvijati-zahvaljujuci-c-peptidu\/#primaryimage"},"image":{"@id":"https:\/\/bannedvideos.net\/hr\/djecak-s-neuroloskom-retardacijom-poceo-se-razvijati-zahvaljujuci-c-peptidu\/#primaryimage"},"thumbnailUrl":"https:\/\/bannedvideos.net\/wp-content\/uploads\/2025\/04\/1061986829.jpg","datePublished":"2022-07-04T15:00:31+00:00","dateModified":"2025-04-27T09:24:23+00:00","breadcrumb":{"@id":"https:\/\/bannedvideos.net\/hr\/djecak-s-neuroloskom-retardacijom-poceo-se-razvijati-zahvaljujuci-c-peptidu\/#breadcrumb"},"inLanguage":"hr","potentialAction":[{"@type":"ReadAction","target":["https:\/\/bannedvideos.net\/hr\/djecak-s-neuroloskom-retardacijom-poceo-se-razvijati-zahvaljujuci-c-peptidu\/"]}]},{"@type":"ImageObject","inLanguage":"hr","@id":"https:\/\/bannedvideos.net\/hr\/djecak-s-neuroloskom-retardacijom-poceo-se-razvijati-zahvaljujuci-c-peptidu\/#primaryimage","url":"https:\/\/bannedvideos.net\/wp-content\/uploads\/2025\/04\/1061986829.jpg","contentUrl":"https:\/\/bannedvideos.net\/wp-content\/uploads\/2025\/04\/1061986829.jpg","width":295,"height":166},{"@type":"BreadcrumbList","@id":"https:\/\/bannedvideos.net\/hr\/djecak-s-neuroloskom-retardacijom-poceo-se-razvijati-zahvaljujuci-c-peptidu\/#breadcrumb","itemListElement":[{"@type":"ListItem","position":1,"name":"Home","item":"https:\/\/bannedvideos.net\/hr\/"},{"@type":"ListItem","position":2,"name":"Dje\u010dak s neurolo\u0161kom retardacijom po\u010deo se razvijati zahvaljuju\u0107i C-peptidu"}]},{"@type":"WebSite","@id":"https:\/\/bannedvideos.net\/en\/#website","url":"https:\/\/bannedvideos.net\/en\/","name":"Banned videos","description":"","publisher":{"@id":"https:\/\/bannedvideos.net\/en\/#organization"},"potentialAction":[{"@type":"SearchAction","target":{"@type":"EntryPoint","urlTemplate":"https:\/\/bannedvideos.net\/en\/?s={search_term_string}"},"query-input":{"@type":"PropertyValueSpecification","valueRequired":true,"valueName":"search_term_string"}}],"inLanguage":"hr"},{"@type":"Organization","@id":"https:\/\/bannedvideos.net\/en\/#organization","name":"Banned videos","url":"https:\/\/bannedvideos.net\/en\/","logo":{"@type":"ImageObject","inLanguage":"hr","@id":"https:\/\/bannedvideos.net\/en\/#\/schema\/logo\/image\/","url":"https:\/\/bannedvideos.net\/wp-content\/uploads\/2022\/07\/logo.png","contentUrl":"https:\/\/bannedvideos.net\/wp-content\/uploads\/2022\/07\/logo.png","width":1496,"height":1441,"caption":"Banned videos"},"image":{"@id":"https:\/\/bannedvideos.net\/en\/#\/schema\/logo\/image\/"}},{"@type":"Person","@id":"https:\/\/bannedvideos.net\/en\/#\/schema\/person\/6901bae47f89066856a9d2c7faa5ebd2","name":"bannedvideos","image":{"@type":"ImageObject","inLanguage":"hr","@id":"https:\/\/bannedvideos.net\/en\/#\/schema\/person\/image\/","url":"https:\/\/secure.gravatar.com\/avatar\/1f862b55a0861f605d25254d402b1f68536d9e9d320d9e14040debcefacf6342?s=96&d=mm&r=g","contentUrl":"https:\/\/secure.gravatar.com\/avatar\/1f862b55a0861f605d25254d402b1f68536d9e9d320d9e14040debcefacf6342?s=96&d=mm&r=g","caption":"bannedvideos"}}]}},"_links":{"self":[{"href":"https:\/\/bannedvideos.net\/hr\/wp-json\/wp\/v2\/posts\/126621","targetHints":{"allow":["GET"]}}],"collection":[{"href":"https:\/\/bannedvideos.net\/hr\/wp-json\/wp\/v2\/posts"}],"about":[{"href":"https:\/\/bannedvideos.net\/hr\/wp-json\/wp\/v2\/types\/post"}],"author":[{"embeddable":true,"href":"https:\/\/bannedvideos.net\/hr\/wp-json\/wp\/v2\/users\/4"}],"replies":[{"embeddable":true,"href":"https:\/\/bannedvideos.net\/hr\/wp-json\/wp\/v2\/comments?post=126621"}],"version-history":[{"count":0,"href":"https:\/\/bannedvideos.net\/hr\/wp-json\/wp\/v2\/posts\/126621\/revisions"}],"wp:featuredmedia":[{"embeddable":true,"href":"https:\/\/bannedvideos.net\/hr\/wp-json\/wp\/v2\/media\/126622"}],"wp:attachment":[{"href":"https:\/\/bannedvideos.net\/hr\/wp-json\/wp\/v2\/media?parent=126621"}],"wp:term":[{"taxonomy":"category","embeddable":true,"href":"https:\/\/bannedvideos.net\/hr\/wp-json\/wp\/v2\/categories?post=126621"},{"taxonomy":"post_tag","embeddable":true,"href":"https:\/\/bannedvideos.net\/hr\/wp-json\/wp\/v2\/tags?post=126621"}],"curies":[{"name":"wp","href":"https:\/\/api.w.org\/{rel}","templated":true}]}}