{"id":67921,"date":"2022-07-04T17:01:02","date_gmt":"2022-07-04T15:01:02","guid":{"rendered":"https:\/\/bannedvideos.net\/razvoj-je-zapoceo-3-godine-nakon-mozdanog-udara\/"},"modified":"2023-03-07T21:27:26","modified_gmt":"2023-03-07T19:27:26","slug":"razvoj-je-zapoceo-3-godine-nakon-mozdanog-udara","status":"publish","type":"post","link":"https:\/\/bannedvideos.net\/hr\/razvoj-je-zapoceo-3-godine-nakon-mozdanog-udara\/","title":{"rendered":"Razvoj je zapo\u010deo 3 godine nakon mo\u017edanog udara"},"content":{"rendered":"<p>G\u00e1bor Szab\u00f3 je prije tri godine do\u017eivio mo\u017edani udar, od \u010dega su mu paralizirane desna ruka i  noga. O\u0161te\u0107en mu je i centar za govor. \u010cak ni nakon rehabilitacije nije mogao hodati sa \u0161tapom. Mogao je izgovoriti rije\u010d ili dvije, ali njegova artikulacija nije bila ba\u0161 razumljiva.<\/p>\n<p>G\u00e1bor sada puno vi\u0161e govori, pokreti su mu postali ja\u010di, tako da danas mo\u017ee hodati sa i bez \u0161tapa.<\/p>\n","protected":false},"excerpt":{"rendered":"<p>G\u00e1bor Szab\u00f3 je prije tri godine do\u017eivio mo\u017edani udar, od \u010dega su mu paralizirane desna ruka i noga. O\u0161te\u0107en mu je i centar za govor. \u010cak ni nakon rehabilitacije nije mogao hodati sa \u0161tapom. Mogao je izgovoriti rije\u010d ili dvije, ali njegova artikulacija nije bila ba\u0161 razumljiva. G\u00e1bor sada puno vi\u0161e govori, pokreti su mu [&hellip;]<\/p>\n","protected":false},"author":4,"featured_media":67922,"comment_status":"closed","ping_status":"closed","sticky":false,"template":"","format":"video","meta":{"footnotes":""},"categories":[981],"tags":[],"class_list":{"0":"post-67921","1":"post","2":"type-post","3":"status-publish","4":"format-video","5":"has-post-thumbnail","7":"category-udarci","8":"post_format-post-format-video"},"yoast_head":"<!-- This site is optimized with the Yoast SEO plugin v26.4 - https:\/\/yoast.com\/wordpress\/plugins\/seo\/ -->\n<title>Razvoj je zapo\u010deo 3 godine nakon mo\u017edanog udara - Banned videos<\/title>\n<meta name=\"robots\" content=\"index, follow, max-snippet:-1, max-image-preview:large, max-video-preview:-1\" \/>\n<link rel=\"canonical\" href=\"https:\/\/bannedvideos.net\/hr\/razvoj-je-zapoceo-3-godine-nakon-mozdanog-udara\/\" \/>\n<meta property=\"og:locale\" content=\"hr_HR\" \/>\n<meta property=\"og:type\" content=\"article\" \/>\n<meta property=\"og:title\" content=\"Razvoj je zapo\u010deo 3 godine nakon mo\u017edanog udara - Banned videos\" \/>\n<meta property=\"og:description\" content=\"G\u00e1bor Szab\u00f3 je prije tri godine do\u017eivio mo\u017edani udar, od \u010dega su mu paralizirane desna ruka i noga. O\u0161te\u0107en mu je i centar za govor. \u010cak ni nakon rehabilitacije nije mogao hodati sa \u0161tapom. Mogao je izgovoriti rije\u010d ili dvije, ali njegova artikulacija nije bila ba\u0161 razumljiva. G\u00e1bor sada puno vi\u0161e govori, pokreti su mu [&hellip;]\" \/>\n<meta property=\"og:url\" content=\"https:\/\/bannedvideos.net\/hr\/razvoj-je-zapoceo-3-godine-nakon-mozdanog-udara\/\" \/>\n<meta property=\"og:site_name\" content=\"Banned videos\" \/>\n<meta property=\"article:published_time\" content=\"2022-07-04T15:01:02+00:00\" \/>\n<meta property=\"article:modified_time\" content=\"2023-03-07T19:27:26+00:00\" \/>\n<meta property=\"og:image\" content=\"https:\/\/bannedvideos.net\/wp-content\/uploads\/2023\/03\/796191519.jpg\" \/>\n\t<meta property=\"og:image:width\" content=\"295\" \/>\n\t<meta property=\"og:image:height\" content=\"166\" \/>\n\t<meta property=\"og:image:type\" content=\"image\/jpeg\" \/>\n<meta name=\"author\" content=\"bannedvideos\" \/>\n<meta name=\"twitter:card\" content=\"summary_large_image\" \/>\n<meta name=\"twitter:label1\" content=\"Napisao\/la\" \/>\n\t<meta name=\"twitter:data1\" content=\"bannedvideos\" \/>\n<script type=\"application\/ld+json\" class=\"yoast-schema-graph\">{\"@context\":\"https:\/\/schema.org\",\"@graph\":[{\"@type\":\"ScholarlyArticle\",\"@id\":\"https:\/\/bannedvideos.net\/hr\/razvoj-je-zapoceo-3-godine-nakon-mozdanog-udara\/#article\",\"isPartOf\":{\"@id\":\"https:\/\/bannedvideos.net\/hr\/razvoj-je-zapoceo-3-godine-nakon-mozdanog-udara\/\"},\"author\":{\"name\":\"bannedvideos\",\"@id\":\"https:\/\/bannedvideos.net\/en\/#\/schema\/person\/6901bae47f89066856a9d2c7faa5ebd2\"},\"headline\":\"Razvoj je zapo\u010deo 3 godine nakon mo\u017edanog udara\",\"datePublished\":\"2022-07-04T15:01:02+00:00\",\"dateModified\":\"2023-03-07T19:27:26+00:00\",\"mainEntityOfPage\":{\"@id\":\"https:\/\/bannedvideos.net\/hr\/razvoj-je-zapoceo-3-godine-nakon-mozdanog-udara\/\"},\"wordCount\":84,\"publisher\":{\"@id\":\"https:\/\/bannedvideos.net\/en\/#organization\"},\"image\":{\"@id\":\"https:\/\/bannedvideos.net\/hr\/razvoj-je-zapoceo-3-godine-nakon-mozdanog-udara\/#primaryimage\"},\"thumbnailUrl\":\"https:\/\/bannedvideos.net\/wp-content\/uploads\/2023\/03\/796191519.jpg\",\"articleSection\":[\"Udarci\"],\"inLanguage\":\"hr\"},{\"@type\":\"WebPage\",\"@id\":\"https:\/\/bannedvideos.net\/hr\/razvoj-je-zapoceo-3-godine-nakon-mozdanog-udara\/\",\"url\":\"https:\/\/bannedvideos.net\/hr\/razvoj-je-zapoceo-3-godine-nakon-mozdanog-udara\/\",\"name\":\"Razvoj je zapo\u010deo 3 godine nakon mo\u017edanog udara - Banned videos\",\"isPartOf\":{\"@id\":\"https:\/\/bannedvideos.net\/en\/#website\"},\"primaryImageOfPage\":{\"@id\":\"https:\/\/bannedvideos.net\/hr\/razvoj-je-zapoceo-3-godine-nakon-mozdanog-udara\/#primaryimage\"},\"image\":{\"@id\":\"https:\/\/bannedvideos.net\/hr\/razvoj-je-zapoceo-3-godine-nakon-mozdanog-udara\/#primaryimage\"},\"thumbnailUrl\":\"https:\/\/bannedvideos.net\/wp-content\/uploads\/2023\/03\/796191519.jpg\",\"datePublished\":\"2022-07-04T15:01:02+00:00\",\"dateModified\":\"2023-03-07T19:27:26+00:00\",\"breadcrumb\":{\"@id\":\"https:\/\/bannedvideos.net\/hr\/razvoj-je-zapoceo-3-godine-nakon-mozdanog-udara\/#breadcrumb\"},\"inLanguage\":\"hr\",\"potentialAction\":[{\"@type\":\"ReadAction\",\"target\":[\"https:\/\/bannedvideos.net\/hr\/razvoj-je-zapoceo-3-godine-nakon-mozdanog-udara\/\"]}]},{\"@type\":\"ImageObject\",\"inLanguage\":\"hr\",\"@id\":\"https:\/\/bannedvideos.net\/hr\/razvoj-je-zapoceo-3-godine-nakon-mozdanog-udara\/#primaryimage\",\"url\":\"https:\/\/bannedvideos.net\/wp-content\/uploads\/2023\/03\/796191519.jpg\",\"contentUrl\":\"https:\/\/bannedvideos.net\/wp-content\/uploads\/2023\/03\/796191519.jpg\",\"width\":295,\"height\":166},{\"@type\":\"BreadcrumbList\",\"@id\":\"https:\/\/bannedvideos.net\/hr\/razvoj-je-zapoceo-3-godine-nakon-mozdanog-udara\/#breadcrumb\",\"itemListElement\":[{\"@type\":\"ListItem\",\"position\":1,\"name\":\"Home\",\"item\":\"https:\/\/bannedvideos.net\/hr\/\"},{\"@type\":\"ListItem\",\"position\":2,\"name\":\"Razvoj je zapo\u010deo 3 godine nakon mo\u017edanog udara\"}]},{\"@type\":\"WebSite\",\"@id\":\"https:\/\/bannedvideos.net\/en\/#website\",\"url\":\"https:\/\/bannedvideos.net\/en\/\",\"name\":\"Banned videos\",\"description\":\"\",\"publisher\":{\"@id\":\"https:\/\/bannedvideos.net\/en\/#organization\"},\"potentialAction\":[{\"@type\":\"SearchAction\",\"target\":{\"@type\":\"EntryPoint\",\"urlTemplate\":\"https:\/\/bannedvideos.net\/en\/?s={search_term_string}\"},\"query-input\":{\"@type\":\"PropertyValueSpecification\",\"valueRequired\":true,\"valueName\":\"search_term_string\"}}],\"inLanguage\":\"hr\"},{\"@type\":\"Organization\",\"@id\":\"https:\/\/bannedvideos.net\/en\/#organization\",\"name\":\"Banned videos\",\"url\":\"https:\/\/bannedvideos.net\/en\/\",\"logo\":{\"@type\":\"ImageObject\",\"inLanguage\":\"hr\",\"@id\":\"https:\/\/bannedvideos.net\/en\/#\/schema\/logo\/image\/\",\"url\":\"https:\/\/bannedvideos.net\/wp-content\/uploads\/2022\/07\/logo.png\",\"contentUrl\":\"https:\/\/bannedvideos.net\/wp-content\/uploads\/2022\/07\/logo.png\",\"width\":1496,\"height\":1441,\"caption\":\"Banned videos\"},\"image\":{\"@id\":\"https:\/\/bannedvideos.net\/en\/#\/schema\/logo\/image\/\"}},{\"@type\":\"Person\",\"@id\":\"https:\/\/bannedvideos.net\/en\/#\/schema\/person\/6901bae47f89066856a9d2c7faa5ebd2\",\"name\":\"bannedvideos\",\"image\":{\"@type\":\"ImageObject\",\"inLanguage\":\"hr\",\"@id\":\"https:\/\/bannedvideos.net\/en\/#\/schema\/person\/image\/\",\"url\":\"https:\/\/secure.gravatar.com\/avatar\/1f862b55a0861f605d25254d402b1f68536d9e9d320d9e14040debcefacf6342?s=96&d=mm&r=g\",\"contentUrl\":\"https:\/\/secure.gravatar.com\/avatar\/1f862b55a0861f605d25254d402b1f68536d9e9d320d9e14040debcefacf6342?s=96&d=mm&r=g\",\"caption\":\"bannedvideos\"}}]}<\/script>\n<!-- \/ Yoast SEO plugin. -->","yoast_head_json":{"title":"Razvoj je zapo\u010deo 3 godine nakon mo\u017edanog udara - Banned videos","robots":{"index":"index","follow":"follow","max-snippet":"max-snippet:-1","max-image-preview":"max-image-preview:large","max-video-preview":"max-video-preview:-1"},"canonical":"https:\/\/bannedvideos.net\/hr\/razvoj-je-zapoceo-3-godine-nakon-mozdanog-udara\/","og_locale":"hr_HR","og_type":"article","og_title":"Razvoj je zapo\u010deo 3 godine nakon mo\u017edanog udara - Banned videos","og_description":"G\u00e1bor Szab\u00f3 je prije tri godine do\u017eivio mo\u017edani udar, od \u010dega su mu paralizirane desna ruka i noga. O\u0161te\u0107en mu je i centar za govor. \u010cak ni nakon rehabilitacije nije mogao hodati sa \u0161tapom. Mogao je izgovoriti rije\u010d ili dvije, ali njegova artikulacija nije bila ba\u0161 razumljiva. G\u00e1bor sada puno vi\u0161e govori, pokreti su mu [&hellip;]","og_url":"https:\/\/bannedvideos.net\/hr\/razvoj-je-zapoceo-3-godine-nakon-mozdanog-udara\/","og_site_name":"Banned videos","article_published_time":"2022-07-04T15:01:02+00:00","article_modified_time":"2023-03-07T19:27:26+00:00","og_image":[{"width":295,"height":166,"url":"https:\/\/bannedvideos.net\/wp-content\/uploads\/2023\/03\/796191519.jpg","type":"image\/jpeg"}],"author":"bannedvideos","twitter_card":"summary_large_image","twitter_misc":{"Napisao\/la":"bannedvideos"},"schema":{"@context":"https:\/\/schema.org","@graph":[{"@type":"ScholarlyArticle","@id":"https:\/\/bannedvideos.net\/hr\/razvoj-je-zapoceo-3-godine-nakon-mozdanog-udara\/#article","isPartOf":{"@id":"https:\/\/bannedvideos.net\/hr\/razvoj-je-zapoceo-3-godine-nakon-mozdanog-udara\/"},"author":{"name":"bannedvideos","@id":"https:\/\/bannedvideos.net\/en\/#\/schema\/person\/6901bae47f89066856a9d2c7faa5ebd2"},"headline":"Razvoj je zapo\u010deo 3 godine nakon mo\u017edanog udara","datePublished":"2022-07-04T15:01:02+00:00","dateModified":"2023-03-07T19:27:26+00:00","mainEntityOfPage":{"@id":"https:\/\/bannedvideos.net\/hr\/razvoj-je-zapoceo-3-godine-nakon-mozdanog-udara\/"},"wordCount":84,"publisher":{"@id":"https:\/\/bannedvideos.net\/en\/#organization"},"image":{"@id":"https:\/\/bannedvideos.net\/hr\/razvoj-je-zapoceo-3-godine-nakon-mozdanog-udara\/#primaryimage"},"thumbnailUrl":"https:\/\/bannedvideos.net\/wp-content\/uploads\/2023\/03\/796191519.jpg","articleSection":["Udarci"],"inLanguage":"hr"},{"@type":"WebPage","@id":"https:\/\/bannedvideos.net\/hr\/razvoj-je-zapoceo-3-godine-nakon-mozdanog-udara\/","url":"https:\/\/bannedvideos.net\/hr\/razvoj-je-zapoceo-3-godine-nakon-mozdanog-udara\/","name":"Razvoj je zapo\u010deo 3 godine nakon mo\u017edanog udara - Banned videos","isPartOf":{"@id":"https:\/\/bannedvideos.net\/en\/#website"},"primaryImageOfPage":{"@id":"https:\/\/bannedvideos.net\/hr\/razvoj-je-zapoceo-3-godine-nakon-mozdanog-udara\/#primaryimage"},"image":{"@id":"https:\/\/bannedvideos.net\/hr\/razvoj-je-zapoceo-3-godine-nakon-mozdanog-udara\/#primaryimage"},"thumbnailUrl":"https:\/\/bannedvideos.net\/wp-content\/uploads\/2023\/03\/796191519.jpg","datePublished":"2022-07-04T15:01:02+00:00","dateModified":"2023-03-07T19:27:26+00:00","breadcrumb":{"@id":"https:\/\/bannedvideos.net\/hr\/razvoj-je-zapoceo-3-godine-nakon-mozdanog-udara\/#breadcrumb"},"inLanguage":"hr","potentialAction":[{"@type":"ReadAction","target":["https:\/\/bannedvideos.net\/hr\/razvoj-je-zapoceo-3-godine-nakon-mozdanog-udara\/"]}]},{"@type":"ImageObject","inLanguage":"hr","@id":"https:\/\/bannedvideos.net\/hr\/razvoj-je-zapoceo-3-godine-nakon-mozdanog-udara\/#primaryimage","url":"https:\/\/bannedvideos.net\/wp-content\/uploads\/2023\/03\/796191519.jpg","contentUrl":"https:\/\/bannedvideos.net\/wp-content\/uploads\/2023\/03\/796191519.jpg","width":295,"height":166},{"@type":"BreadcrumbList","@id":"https:\/\/bannedvideos.net\/hr\/razvoj-je-zapoceo-3-godine-nakon-mozdanog-udara\/#breadcrumb","itemListElement":[{"@type":"ListItem","position":1,"name":"Home","item":"https:\/\/bannedvideos.net\/hr\/"},{"@type":"ListItem","position":2,"name":"Razvoj je zapo\u010deo 3 godine nakon mo\u017edanog udara"}]},{"@type":"WebSite","@id":"https:\/\/bannedvideos.net\/en\/#website","url":"https:\/\/bannedvideos.net\/en\/","name":"Banned videos","description":"","publisher":{"@id":"https:\/\/bannedvideos.net\/en\/#organization"},"potentialAction":[{"@type":"SearchAction","target":{"@type":"EntryPoint","urlTemplate":"https:\/\/bannedvideos.net\/en\/?s={search_term_string}"},"query-input":{"@type":"PropertyValueSpecification","valueRequired":true,"valueName":"search_term_string"}}],"inLanguage":"hr"},{"@type":"Organization","@id":"https:\/\/bannedvideos.net\/en\/#organization","name":"Banned videos","url":"https:\/\/bannedvideos.net\/en\/","logo":{"@type":"ImageObject","inLanguage":"hr","@id":"https:\/\/bannedvideos.net\/en\/#\/schema\/logo\/image\/","url":"https:\/\/bannedvideos.net\/wp-content\/uploads\/2022\/07\/logo.png","contentUrl":"https:\/\/bannedvideos.net\/wp-content\/uploads\/2022\/07\/logo.png","width":1496,"height":1441,"caption":"Banned videos"},"image":{"@id":"https:\/\/bannedvideos.net\/en\/#\/schema\/logo\/image\/"}},{"@type":"Person","@id":"https:\/\/bannedvideos.net\/en\/#\/schema\/person\/6901bae47f89066856a9d2c7faa5ebd2","name":"bannedvideos","image":{"@type":"ImageObject","inLanguage":"hr","@id":"https:\/\/bannedvideos.net\/en\/#\/schema\/person\/image\/","url":"https:\/\/secure.gravatar.com\/avatar\/1f862b55a0861f605d25254d402b1f68536d9e9d320d9e14040debcefacf6342?s=96&d=mm&r=g","contentUrl":"https:\/\/secure.gravatar.com\/avatar\/1f862b55a0861f605d25254d402b1f68536d9e9d320d9e14040debcefacf6342?s=96&d=mm&r=g","caption":"bannedvideos"}}]}},"_links":{"self":[{"href":"https:\/\/bannedvideos.net\/hr\/wp-json\/wp\/v2\/posts\/67921","targetHints":{"allow":["GET"]}}],"collection":[{"href":"https:\/\/bannedvideos.net\/hr\/wp-json\/wp\/v2\/posts"}],"about":[{"href":"https:\/\/bannedvideos.net\/hr\/wp-json\/wp\/v2\/types\/post"}],"author":[{"embeddable":true,"href":"https:\/\/bannedvideos.net\/hr\/wp-json\/wp\/v2\/users\/4"}],"replies":[{"embeddable":true,"href":"https:\/\/bannedvideos.net\/hr\/wp-json\/wp\/v2\/comments?post=67921"}],"version-history":[{"count":1,"href":"https:\/\/bannedvideos.net\/hr\/wp-json\/wp\/v2\/posts\/67921\/revisions"}],"predecessor-version":[{"id":68811,"href":"https:\/\/bannedvideos.net\/hr\/wp-json\/wp\/v2\/posts\/67921\/revisions\/68811"}],"wp:featuredmedia":[{"embeddable":true,"href":"https:\/\/bannedvideos.net\/hr\/wp-json\/wp\/v2\/media\/67922"}],"wp:attachment":[{"href":"https:\/\/bannedvideos.net\/hr\/wp-json\/wp\/v2\/media?parent=67921"}],"wp:term":[{"taxonomy":"category","embeddable":true,"href":"https:\/\/bannedvideos.net\/hr\/wp-json\/wp\/v2\/categories?post=67921"},{"taxonomy":"post_tag","embeddable":true,"href":"https:\/\/bannedvideos.net\/hr\/wp-json\/wp\/v2\/tags?post=67921"}],"curies":[{"name":"wp","href":"https:\/\/api.w.org\/{rel}","templated":true}]}}