{"id":89482,"date":"2022-07-04T17:00:31","date_gmt":"2022-07-04T15:00:31","guid":{"rendered":"https:\/\/bannedvideos.net\/il-ragazzo-che-vive-con-una-deficienza-mentale-ha-iniziato-a-mostrare-miglioramenti-usando-la-proinsulina-peptide-c\/"},"modified":"2023-10-23T21:54:09","modified_gmt":"2023-10-23T19:54:09","slug":"il-ragazzo-che-vive-con-una-deficienza-mentale-ha-iniziato-a-mostrare-miglioramenti-usando-la-proinsulina-peptide-c","status":"publish","type":"post","link":"https:\/\/bannedvideos.net\/it\/il-ragazzo-che-vive-con-una-deficienza-mentale-ha-iniziato-a-mostrare-miglioramenti-usando-la-proinsulina-peptide-c\/","title":{"rendered":"Il ragazzo che vive con una deficienza mentale ha iniziato a mostrare miglioramenti usando la Proinsulina Peptide-C"},"content":{"rendered":"<p>Benj\u00e1min \u00e8 nato a 8 mesi con asfissia alla nascita. Gli \u00e8 stata diagnosticata una paralisi cerebrale, il che significa che a causa di un deficit nello sviluppo del suo sistema nervoso soffre di disabilit\u00e0 fisiche. Secondo i medici il ragazzo non potr\u00e0 mai camminare .<\/p>\n<p>Dopo aver iniziato a usare il Peptide-C, i genitori hanno notato che il sistema nervoso del ragazzo mostrava sempre pi\u00f9 segni di sviluppo, le sue funzioni motorie stavano migliorando. Benj\u00e1min \u00e8 ora in grado di usare l&#8217;altalena e persino nuotare felicemente e il suo appetito \u00e8 migliorato, il che in precedenza era un problema. Ha anche iniziato a comunicare attraverso i gesti.<\/p>\n","protected":false},"excerpt":{"rendered":"<p>Benj\u00e1min \u00e8 nato a 8 mesi con asfissia alla nascita. Gli \u00e8 stata diagnosticata una paralisi cerebrale, il che significa che a causa di un deficit nello sviluppo del suo sistema nervoso soffre di disabilit\u00e0 fisiche. Secondo i medici il ragazzo non potr\u00e0 mai camminare . Dopo aver iniziato a usare il Peptide-C, i genitori [&hellip;]<\/p>\n","protected":false},"author":4,"featured_media":89483,"comment_status":"closed","ping_status":"closed","sticky":false,"template":"","format":"video","meta":{"footnotes":""},"categories":[1143,1123],"tags":[],"class_list":{"0":"post-89482","1":"post","2":"type-post","3":"status-publish","4":"format-video","5":"has-post-thumbnail","7":"category-disturbi-dello-sviluppo","8":"category-sistema-nervoso","9":"post_format-post-format-video"},"yoast_head":"<!-- This site is optimized with the Yoast SEO plugin v26.4 - https:\/\/yoast.com\/wordpress\/plugins\/seo\/ -->\n<title>Il ragazzo che vive con una deficienza mentale ha iniziato a mostrare miglioramenti usando la Proinsulina Peptide-C - Banned videos<\/title>\n<meta name=\"robots\" content=\"index, follow, max-snippet:-1, max-image-preview:large, max-video-preview:-1\" \/>\n<link rel=\"canonical\" href=\"https:\/\/bannedvideos.net\/it\/il-ragazzo-che-vive-con-una-deficienza-mentale-ha-iniziato-a-mostrare-miglioramenti-usando-la-proinsulina-peptide-c\/\" \/>\n<meta property=\"og:locale\" content=\"it_IT\" \/>\n<meta property=\"og:type\" content=\"article\" \/>\n<meta property=\"og:title\" content=\"Il ragazzo che vive con una deficienza mentale ha iniziato a mostrare miglioramenti usando la Proinsulina Peptide-C - Banned videos\" \/>\n<meta property=\"og:description\" content=\"Benj\u00e1min \u00e8 nato a 8 mesi con asfissia alla nascita. Gli \u00e8 stata diagnosticata una paralisi cerebrale, il che significa che a causa di un deficit nello sviluppo del suo sistema nervoso soffre di disabilit\u00e0 fisiche. Secondo i medici il ragazzo non potr\u00e0 mai camminare . Dopo aver iniziato a usare il Peptide-C, i genitori [&hellip;]\" \/>\n<meta property=\"og:url\" content=\"https:\/\/bannedvideos.net\/it\/il-ragazzo-che-vive-con-una-deficienza-mentale-ha-iniziato-a-mostrare-miglioramenti-usando-la-proinsulina-peptide-c\/\" \/>\n<meta property=\"og:site_name\" content=\"Banned videos\" \/>\n<meta property=\"article:published_time\" content=\"2022-07-04T15:00:31+00:00\" \/>\n<meta property=\"article:modified_time\" content=\"2023-10-23T19:54:09+00:00\" \/>\n<meta property=\"og:image\" content=\"https:\/\/bannedvideos.net\/wp-content\/uploads\/2023\/10\/811233325.jpg\" \/>\n\t<meta property=\"og:image:width\" content=\"295\" \/>\n\t<meta property=\"og:image:height\" content=\"166\" \/>\n\t<meta property=\"og:image:type\" content=\"image\/jpeg\" \/>\n<meta name=\"author\" content=\"bannedvideos\" \/>\n<meta name=\"twitter:card\" content=\"summary_large_image\" \/>\n<meta name=\"twitter:label1\" content=\"Scritto da\" \/>\n\t<meta name=\"twitter:data1\" content=\"bannedvideos\" \/>\n\t<meta name=\"twitter:label2\" content=\"Tempo di lettura stimato\" \/>\n\t<meta name=\"twitter:data2\" content=\"1 minuto\" \/>\n<script type=\"application\/ld+json\" class=\"yoast-schema-graph\">{\"@context\":\"https:\/\/schema.org\",\"@graph\":[{\"@type\":\"ScholarlyArticle\",\"@id\":\"https:\/\/bannedvideos.net\/it\/il-ragazzo-che-vive-con-una-deficienza-mentale-ha-iniziato-a-mostrare-miglioramenti-usando-la-proinsulina-peptide-c\/#article\",\"isPartOf\":{\"@id\":\"https:\/\/bannedvideos.net\/it\/il-ragazzo-che-vive-con-una-deficienza-mentale-ha-iniziato-a-mostrare-miglioramenti-usando-la-proinsulina-peptide-c\/\"},\"author\":{\"name\":\"bannedvideos\",\"@id\":\"https:\/\/bannedvideos.net\/en\/#\/schema\/person\/6901bae47f89066856a9d2c7faa5ebd2\"},\"headline\":\"Il ragazzo che vive con una deficienza mentale ha iniziato a mostrare miglioramenti usando la Proinsulina Peptide-C\",\"datePublished\":\"2022-07-04T15:00:31+00:00\",\"dateModified\":\"2023-10-23T19:54:09+00:00\",\"mainEntityOfPage\":{\"@id\":\"https:\/\/bannedvideos.net\/it\/il-ragazzo-che-vive-con-una-deficienza-mentale-ha-iniziato-a-mostrare-miglioramenti-usando-la-proinsulina-peptide-c\/\"},\"wordCount\":122,\"publisher\":{\"@id\":\"https:\/\/bannedvideos.net\/en\/#organization\"},\"image\":{\"@id\":\"https:\/\/bannedvideos.net\/it\/il-ragazzo-che-vive-con-una-deficienza-mentale-ha-iniziato-a-mostrare-miglioramenti-usando-la-proinsulina-peptide-c\/#primaryimage\"},\"thumbnailUrl\":\"https:\/\/bannedvideos.net\/wp-content\/uploads\/2023\/10\/811233325.jpg\",\"articleSection\":[\"Disturbi dello sviluppo\",\"Sistema nervoso\"],\"inLanguage\":\"it-IT\"},{\"@type\":\"WebPage\",\"@id\":\"https:\/\/bannedvideos.net\/it\/il-ragazzo-che-vive-con-una-deficienza-mentale-ha-iniziato-a-mostrare-miglioramenti-usando-la-proinsulina-peptide-c\/\",\"url\":\"https:\/\/bannedvideos.net\/it\/il-ragazzo-che-vive-con-una-deficienza-mentale-ha-iniziato-a-mostrare-miglioramenti-usando-la-proinsulina-peptide-c\/\",\"name\":\"Il ragazzo che vive con una deficienza mentale ha iniziato a mostrare miglioramenti usando la Proinsulina Peptide-C - Banned videos\",\"isPartOf\":{\"@id\":\"https:\/\/bannedvideos.net\/en\/#website\"},\"primaryImageOfPage\":{\"@id\":\"https:\/\/bannedvideos.net\/it\/il-ragazzo-che-vive-con-una-deficienza-mentale-ha-iniziato-a-mostrare-miglioramenti-usando-la-proinsulina-peptide-c\/#primaryimage\"},\"image\":{\"@id\":\"https:\/\/bannedvideos.net\/it\/il-ragazzo-che-vive-con-una-deficienza-mentale-ha-iniziato-a-mostrare-miglioramenti-usando-la-proinsulina-peptide-c\/#primaryimage\"},\"thumbnailUrl\":\"https:\/\/bannedvideos.net\/wp-content\/uploads\/2023\/10\/811233325.jpg\",\"datePublished\":\"2022-07-04T15:00:31+00:00\",\"dateModified\":\"2023-10-23T19:54:09+00:00\",\"breadcrumb\":{\"@id\":\"https:\/\/bannedvideos.net\/it\/il-ragazzo-che-vive-con-una-deficienza-mentale-ha-iniziato-a-mostrare-miglioramenti-usando-la-proinsulina-peptide-c\/#breadcrumb\"},\"inLanguage\":\"it-IT\",\"potentialAction\":[{\"@type\":\"ReadAction\",\"target\":[\"https:\/\/bannedvideos.net\/it\/il-ragazzo-che-vive-con-una-deficienza-mentale-ha-iniziato-a-mostrare-miglioramenti-usando-la-proinsulina-peptide-c\/\"]}]},{\"@type\":\"ImageObject\",\"inLanguage\":\"it-IT\",\"@id\":\"https:\/\/bannedvideos.net\/it\/il-ragazzo-che-vive-con-una-deficienza-mentale-ha-iniziato-a-mostrare-miglioramenti-usando-la-proinsulina-peptide-c\/#primaryimage\",\"url\":\"https:\/\/bannedvideos.net\/wp-content\/uploads\/2023\/10\/811233325.jpg\",\"contentUrl\":\"https:\/\/bannedvideos.net\/wp-content\/uploads\/2023\/10\/811233325.jpg\",\"width\":295,\"height\":166},{\"@type\":\"BreadcrumbList\",\"@id\":\"https:\/\/bannedvideos.net\/it\/il-ragazzo-che-vive-con-una-deficienza-mentale-ha-iniziato-a-mostrare-miglioramenti-usando-la-proinsulina-peptide-c\/#breadcrumb\",\"itemListElement\":[{\"@type\":\"ListItem\",\"position\":1,\"name\":\"Home\",\"item\":\"https:\/\/bannedvideos.net\/it\/\"},{\"@type\":\"ListItem\",\"position\":2,\"name\":\"Il ragazzo che vive con una deficienza mentale ha iniziato a mostrare miglioramenti usando la Proinsulina Peptide-C\"}]},{\"@type\":\"WebSite\",\"@id\":\"https:\/\/bannedvideos.net\/en\/#website\",\"url\":\"https:\/\/bannedvideos.net\/en\/\",\"name\":\"Banned videos\",\"description\":\"\",\"publisher\":{\"@id\":\"https:\/\/bannedvideos.net\/en\/#organization\"},\"potentialAction\":[{\"@type\":\"SearchAction\",\"target\":{\"@type\":\"EntryPoint\",\"urlTemplate\":\"https:\/\/bannedvideos.net\/en\/?s={search_term_string}\"},\"query-input\":{\"@type\":\"PropertyValueSpecification\",\"valueRequired\":true,\"valueName\":\"search_term_string\"}}],\"inLanguage\":\"it-IT\"},{\"@type\":\"Organization\",\"@id\":\"https:\/\/bannedvideos.net\/en\/#organization\",\"name\":\"Banned videos\",\"url\":\"https:\/\/bannedvideos.net\/en\/\",\"logo\":{\"@type\":\"ImageObject\",\"inLanguage\":\"it-IT\",\"@id\":\"https:\/\/bannedvideos.net\/en\/#\/schema\/logo\/image\/\",\"url\":\"https:\/\/bannedvideos.net\/wp-content\/uploads\/2022\/07\/logo.png\",\"contentUrl\":\"https:\/\/bannedvideos.net\/wp-content\/uploads\/2022\/07\/logo.png\",\"width\":1496,\"height\":1441,\"caption\":\"Banned videos\"},\"image\":{\"@id\":\"https:\/\/bannedvideos.net\/en\/#\/schema\/logo\/image\/\"}},{\"@type\":\"Person\",\"@id\":\"https:\/\/bannedvideos.net\/en\/#\/schema\/person\/6901bae47f89066856a9d2c7faa5ebd2\",\"name\":\"bannedvideos\",\"image\":{\"@type\":\"ImageObject\",\"inLanguage\":\"it-IT\",\"@id\":\"https:\/\/bannedvideos.net\/en\/#\/schema\/person\/image\/\",\"url\":\"https:\/\/secure.gravatar.com\/avatar\/1f862b55a0861f605d25254d402b1f68536d9e9d320d9e14040debcefacf6342?s=96&d=mm&r=g\",\"contentUrl\":\"https:\/\/secure.gravatar.com\/avatar\/1f862b55a0861f605d25254d402b1f68536d9e9d320d9e14040debcefacf6342?s=96&d=mm&r=g\",\"caption\":\"bannedvideos\"}}]}<\/script>\n<!-- \/ Yoast SEO plugin. -->","yoast_head_json":{"title":"Il ragazzo che vive con una deficienza mentale ha iniziato a mostrare miglioramenti usando la Proinsulina Peptide-C - Banned videos","robots":{"index":"index","follow":"follow","max-snippet":"max-snippet:-1","max-image-preview":"max-image-preview:large","max-video-preview":"max-video-preview:-1"},"canonical":"https:\/\/bannedvideos.net\/it\/il-ragazzo-che-vive-con-una-deficienza-mentale-ha-iniziato-a-mostrare-miglioramenti-usando-la-proinsulina-peptide-c\/","og_locale":"it_IT","og_type":"article","og_title":"Il ragazzo che vive con una deficienza mentale ha iniziato a mostrare miglioramenti usando la Proinsulina Peptide-C - Banned videos","og_description":"Benj\u00e1min \u00e8 nato a 8 mesi con asfissia alla nascita. Gli \u00e8 stata diagnosticata una paralisi cerebrale, il che significa che a causa di un deficit nello sviluppo del suo sistema nervoso soffre di disabilit\u00e0 fisiche. Secondo i medici il ragazzo non potr\u00e0 mai camminare . Dopo aver iniziato a usare il Peptide-C, i genitori [&hellip;]","og_url":"https:\/\/bannedvideos.net\/it\/il-ragazzo-che-vive-con-una-deficienza-mentale-ha-iniziato-a-mostrare-miglioramenti-usando-la-proinsulina-peptide-c\/","og_site_name":"Banned videos","article_published_time":"2022-07-04T15:00:31+00:00","article_modified_time":"2023-10-23T19:54:09+00:00","og_image":[{"width":295,"height":166,"url":"https:\/\/bannedvideos.net\/wp-content\/uploads\/2023\/10\/811233325.jpg","type":"image\/jpeg"}],"author":"bannedvideos","twitter_card":"summary_large_image","twitter_misc":{"Scritto da":"bannedvideos","Tempo di lettura stimato":"1 minuto"},"schema":{"@context":"https:\/\/schema.org","@graph":[{"@type":"ScholarlyArticle","@id":"https:\/\/bannedvideos.net\/it\/il-ragazzo-che-vive-con-una-deficienza-mentale-ha-iniziato-a-mostrare-miglioramenti-usando-la-proinsulina-peptide-c\/#article","isPartOf":{"@id":"https:\/\/bannedvideos.net\/it\/il-ragazzo-che-vive-con-una-deficienza-mentale-ha-iniziato-a-mostrare-miglioramenti-usando-la-proinsulina-peptide-c\/"},"author":{"name":"bannedvideos","@id":"https:\/\/bannedvideos.net\/en\/#\/schema\/person\/6901bae47f89066856a9d2c7faa5ebd2"},"headline":"Il ragazzo che vive con una deficienza mentale ha iniziato a mostrare miglioramenti usando la Proinsulina Peptide-C","datePublished":"2022-07-04T15:00:31+00:00","dateModified":"2023-10-23T19:54:09+00:00","mainEntityOfPage":{"@id":"https:\/\/bannedvideos.net\/it\/il-ragazzo-che-vive-con-una-deficienza-mentale-ha-iniziato-a-mostrare-miglioramenti-usando-la-proinsulina-peptide-c\/"},"wordCount":122,"publisher":{"@id":"https:\/\/bannedvideos.net\/en\/#organization"},"image":{"@id":"https:\/\/bannedvideos.net\/it\/il-ragazzo-che-vive-con-una-deficienza-mentale-ha-iniziato-a-mostrare-miglioramenti-usando-la-proinsulina-peptide-c\/#primaryimage"},"thumbnailUrl":"https:\/\/bannedvideos.net\/wp-content\/uploads\/2023\/10\/811233325.jpg","articleSection":["Disturbi dello sviluppo","Sistema nervoso"],"inLanguage":"it-IT"},{"@type":"WebPage","@id":"https:\/\/bannedvideos.net\/it\/il-ragazzo-che-vive-con-una-deficienza-mentale-ha-iniziato-a-mostrare-miglioramenti-usando-la-proinsulina-peptide-c\/","url":"https:\/\/bannedvideos.net\/it\/il-ragazzo-che-vive-con-una-deficienza-mentale-ha-iniziato-a-mostrare-miglioramenti-usando-la-proinsulina-peptide-c\/","name":"Il ragazzo che vive con una deficienza mentale ha iniziato a mostrare miglioramenti usando la Proinsulina Peptide-C - Banned videos","isPartOf":{"@id":"https:\/\/bannedvideos.net\/en\/#website"},"primaryImageOfPage":{"@id":"https:\/\/bannedvideos.net\/it\/il-ragazzo-che-vive-con-una-deficienza-mentale-ha-iniziato-a-mostrare-miglioramenti-usando-la-proinsulina-peptide-c\/#primaryimage"},"image":{"@id":"https:\/\/bannedvideos.net\/it\/il-ragazzo-che-vive-con-una-deficienza-mentale-ha-iniziato-a-mostrare-miglioramenti-usando-la-proinsulina-peptide-c\/#primaryimage"},"thumbnailUrl":"https:\/\/bannedvideos.net\/wp-content\/uploads\/2023\/10\/811233325.jpg","datePublished":"2022-07-04T15:00:31+00:00","dateModified":"2023-10-23T19:54:09+00:00","breadcrumb":{"@id":"https:\/\/bannedvideos.net\/it\/il-ragazzo-che-vive-con-una-deficienza-mentale-ha-iniziato-a-mostrare-miglioramenti-usando-la-proinsulina-peptide-c\/#breadcrumb"},"inLanguage":"it-IT","potentialAction":[{"@type":"ReadAction","target":["https:\/\/bannedvideos.net\/it\/il-ragazzo-che-vive-con-una-deficienza-mentale-ha-iniziato-a-mostrare-miglioramenti-usando-la-proinsulina-peptide-c\/"]}]},{"@type":"ImageObject","inLanguage":"it-IT","@id":"https:\/\/bannedvideos.net\/it\/il-ragazzo-che-vive-con-una-deficienza-mentale-ha-iniziato-a-mostrare-miglioramenti-usando-la-proinsulina-peptide-c\/#primaryimage","url":"https:\/\/bannedvideos.net\/wp-content\/uploads\/2023\/10\/811233325.jpg","contentUrl":"https:\/\/bannedvideos.net\/wp-content\/uploads\/2023\/10\/811233325.jpg","width":295,"height":166},{"@type":"BreadcrumbList","@id":"https:\/\/bannedvideos.net\/it\/il-ragazzo-che-vive-con-una-deficienza-mentale-ha-iniziato-a-mostrare-miglioramenti-usando-la-proinsulina-peptide-c\/#breadcrumb","itemListElement":[{"@type":"ListItem","position":1,"name":"Home","item":"https:\/\/bannedvideos.net\/it\/"},{"@type":"ListItem","position":2,"name":"Il ragazzo che vive con una deficienza mentale ha iniziato a mostrare miglioramenti usando la Proinsulina Peptide-C"}]},{"@type":"WebSite","@id":"https:\/\/bannedvideos.net\/en\/#website","url":"https:\/\/bannedvideos.net\/en\/","name":"Banned videos","description":"","publisher":{"@id":"https:\/\/bannedvideos.net\/en\/#organization"},"potentialAction":[{"@type":"SearchAction","target":{"@type":"EntryPoint","urlTemplate":"https:\/\/bannedvideos.net\/en\/?s={search_term_string}"},"query-input":{"@type":"PropertyValueSpecification","valueRequired":true,"valueName":"search_term_string"}}],"inLanguage":"it-IT"},{"@type":"Organization","@id":"https:\/\/bannedvideos.net\/en\/#organization","name":"Banned videos","url":"https:\/\/bannedvideos.net\/en\/","logo":{"@type":"ImageObject","inLanguage":"it-IT","@id":"https:\/\/bannedvideos.net\/en\/#\/schema\/logo\/image\/","url":"https:\/\/bannedvideos.net\/wp-content\/uploads\/2022\/07\/logo.png","contentUrl":"https:\/\/bannedvideos.net\/wp-content\/uploads\/2022\/07\/logo.png","width":1496,"height":1441,"caption":"Banned videos"},"image":{"@id":"https:\/\/bannedvideos.net\/en\/#\/schema\/logo\/image\/"}},{"@type":"Person","@id":"https:\/\/bannedvideos.net\/en\/#\/schema\/person\/6901bae47f89066856a9d2c7faa5ebd2","name":"bannedvideos","image":{"@type":"ImageObject","inLanguage":"it-IT","@id":"https:\/\/bannedvideos.net\/en\/#\/schema\/person\/image\/","url":"https:\/\/secure.gravatar.com\/avatar\/1f862b55a0861f605d25254d402b1f68536d9e9d320d9e14040debcefacf6342?s=96&d=mm&r=g","contentUrl":"https:\/\/secure.gravatar.com\/avatar\/1f862b55a0861f605d25254d402b1f68536d9e9d320d9e14040debcefacf6342?s=96&d=mm&r=g","caption":"bannedvideos"}}]}},"_links":{"self":[{"href":"https:\/\/bannedvideos.net\/it\/wp-json\/wp\/v2\/posts\/89482","targetHints":{"allow":["GET"]}}],"collection":[{"href":"https:\/\/bannedvideos.net\/it\/wp-json\/wp\/v2\/posts"}],"about":[{"href":"https:\/\/bannedvideos.net\/it\/wp-json\/wp\/v2\/types\/post"}],"author":[{"embeddable":true,"href":"https:\/\/bannedvideos.net\/it\/wp-json\/wp\/v2\/users\/4"}],"replies":[{"embeddable":true,"href":"https:\/\/bannedvideos.net\/it\/wp-json\/wp\/v2\/comments?post=89482"}],"version-history":[{"count":0,"href":"https:\/\/bannedvideos.net\/it\/wp-json\/wp\/v2\/posts\/89482\/revisions"}],"wp:featuredmedia":[{"embeddable":true,"href":"https:\/\/bannedvideos.net\/it\/wp-json\/wp\/v2\/media\/89483"}],"wp:attachment":[{"href":"https:\/\/bannedvideos.net\/it\/wp-json\/wp\/v2\/media?parent=89482"}],"wp:term":[{"taxonomy":"category","embeddable":true,"href":"https:\/\/bannedvideos.net\/it\/wp-json\/wp\/v2\/categories?post=89482"},{"taxonomy":"post_tag","embeddable":true,"href":"https:\/\/bannedvideos.net\/it\/wp-json\/wp\/v2\/tags?post=89482"}],"curies":[{"name":"wp","href":"https:\/\/api.w.org\/{rel}","templated":true}]}}