{"id":93226,"date":"2023-02-02T00:26:44","date_gmt":"2023-02-01T22:26:44","guid":{"rendered":"https:\/\/bannedvideos.net\/il-bambino-che-ha-subito-una-lesione-cerebrale-traumatica-puo-ora-andare-in-triciclo-e-guidare-un-trattore-con-suo-padre\/"},"modified":"2023-10-23T22:15:02","modified_gmt":"2023-10-23T20:15:02","slug":"il-bambino-che-ha-subito-una-lesione-cerebrale-traumatica-puo-ora-andare-in-triciclo-e-guidare-un-trattore-con-suo-padre","status":"publish","type":"post","link":"https:\/\/bannedvideos.net\/it\/il-bambino-che-ha-subito-una-lesione-cerebrale-traumatica-puo-ora-andare-in-triciclo-e-guidare-un-trattore-con-suo-padre\/","title":{"rendered":"Il bambino, che ha subito una lesione cerebrale traumatica, pu\u00f2 ora andare in triciclo e guidare un trattore con suo padre"},"content":{"rendered":"<p>&#8220;Quando M\u00e1rko aveva due anni, \u00e8 stato preso a calci da un cavallo in un campo. Ha subito un trauma cranico. Soffriva di infiammazione cerebrale e meningi danneggiate. \u00c8 stato portato in ospedale, dove \u00e8 stato operato. \u00c9 rimasto in coma per 3 mesi. I medici lo hanno lasciato tornare a casa sapendo di avergli salvato la vita, ma non volevano creare false illusioni: aveva perso quasi completamente le sue capacit\u00e0 cognitive e pensavano che M\u00e1rk non sarebbe stato mai pi\u00f9 in grado di stare in piedi. M\u00e1ria aveva sentito parlare del Sappiamo cosa da un insegnante di sviluppo e hanno deciso di provare. M\u00e1rk ha iniziato a cambiare in modo positivo. Prima soffocava e non riusciva a respirare correttamente, aveva sofferto pi\u00f9 volte di febbre alta. Ora respira normalmente, trascorre le notti serenamente e anche la febbre appartiene al passato. Inoltre, la sua andatura e la sua postura sono diventate molto pi\u00f9 stabili. Dopo l&#8217;incidente, il bambino non era in grado di manifestare le proprie emozioni, come mostrare amore, e non rideva n\u00e9 sorrideva mai. Oggi abbraccia tutte le persone che ama e ride con i suoi genitori. Da quando prende il Sappiamo cosa, ha iniziato a capire meglio e ora comprende il linguaggio dei suoi genitori, riesce a esprimersi sempre meglio e a capire ci\u00f2 che vogliono i suoi genitori. Anche gli insegnanti di educazione speciale hanno notato i grandi progressi di M\u00e1rk e ne sono molto felici. Grazie ai cambiamenti positivi, lui e la famiglia sono diventati pi\u00f9 stabili. &#8220;Se lui sta meglio, noi stiamo meglio&#8221;. Ecco come il padre ha formulato il significato di questo cambiamento per loro&#8221;.<\/p>\n","protected":false},"excerpt":{"rendered":"<p>&#8220;Quando M\u00e1rko aveva due anni, \u00e8 stato preso a calci da un cavallo in un campo. Ha subito un trauma cranico. Soffriva di infiammazione cerebrale e meningi danneggiate. \u00c8 stato portato in ospedale, dove \u00e8 stato operato. \u00c9 rimasto in coma per 3 mesi. I medici lo hanno lasciato tornare a casa sapendo di avergli [&hellip;]<\/p>\n","protected":false},"author":4,"featured_media":93227,"comment_status":"closed","ping_status":"closed","sticky":false,"template":"","format":"video","meta":{"footnotes":""},"categories":[1139],"tags":[],"class_list":{"0":"post-93226","1":"post","2":"type-post","3":"status-publish","4":"format-video","5":"has-post-thumbnail","7":"category-trauma-cranico","8":"post_format-post-format-video"},"yoast_head":"<!-- This site is optimized with the Yoast SEO plugin v26.4 - https:\/\/yoast.com\/wordpress\/plugins\/seo\/ -->\n<title>Il bambino, che ha subito una lesione cerebrale traumatica, pu\u00f2 ora andare in triciclo e guidare un trattore con suo padre - Banned videos<\/title>\n<meta name=\"robots\" content=\"index, follow, max-snippet:-1, max-image-preview:large, max-video-preview:-1\" \/>\n<link rel=\"canonical\" href=\"https:\/\/bannedvideos.net\/it\/il-bambino-che-ha-subito-una-lesione-cerebrale-traumatica-puo-ora-andare-in-triciclo-e-guidare-un-trattore-con-suo-padre\/\" \/>\n<meta property=\"og:locale\" content=\"it_IT\" \/>\n<meta property=\"og:type\" content=\"article\" \/>\n<meta property=\"og:title\" content=\"Il bambino, che ha subito una lesione cerebrale traumatica, pu\u00f2 ora andare in triciclo e guidare un trattore con suo padre - Banned videos\" \/>\n<meta property=\"og:description\" content=\"&#8220;Quando M\u00e1rko aveva due anni, \u00e8 stato preso a calci da un cavallo in un campo. Ha subito un trauma cranico. Soffriva di infiammazione cerebrale e meningi danneggiate. \u00c8 stato portato in ospedale, dove \u00e8 stato operato. \u00c9 rimasto in coma per 3 mesi. I medici lo hanno lasciato tornare a casa sapendo di avergli [&hellip;]\" \/>\n<meta property=\"og:url\" content=\"https:\/\/bannedvideos.net\/it\/il-bambino-che-ha-subito-una-lesione-cerebrale-traumatica-puo-ora-andare-in-triciclo-e-guidare-un-trattore-con-suo-padre\/\" \/>\n<meta property=\"og:site_name\" content=\"Banned videos\" \/>\n<meta property=\"article:published_time\" content=\"2023-02-01T22:26:44+00:00\" \/>\n<meta property=\"article:modified_time\" content=\"2023-10-23T20:15:02+00:00\" \/>\n<meta property=\"og:image\" content=\"https:\/\/bannedvideos.net\/wp-content\/uploads\/2023\/10\/833587640.jpg\" \/>\n\t<meta property=\"og:image:width\" content=\"295\" \/>\n\t<meta property=\"og:image:height\" content=\"166\" \/>\n\t<meta property=\"og:image:type\" content=\"image\/jpeg\" \/>\n<meta name=\"author\" content=\"bannedvideos\" \/>\n<meta name=\"twitter:card\" content=\"summary_large_image\" \/>\n<meta name=\"twitter:label1\" content=\"Scritto da\" \/>\n\t<meta name=\"twitter:data1\" content=\"bannedvideos\" \/>\n\t<meta name=\"twitter:label2\" content=\"Tempo di lettura stimato\" \/>\n\t<meta name=\"twitter:data2\" content=\"1 minuto\" \/>\n<script type=\"application\/ld+json\" class=\"yoast-schema-graph\">{\"@context\":\"https:\/\/schema.org\",\"@graph\":[{\"@type\":\"ScholarlyArticle\",\"@id\":\"https:\/\/bannedvideos.net\/it\/il-bambino-che-ha-subito-una-lesione-cerebrale-traumatica-puo-ora-andare-in-triciclo-e-guidare-un-trattore-con-suo-padre\/#article\",\"isPartOf\":{\"@id\":\"https:\/\/bannedvideos.net\/it\/il-bambino-che-ha-subito-una-lesione-cerebrale-traumatica-puo-ora-andare-in-triciclo-e-guidare-un-trattore-con-suo-padre\/\"},\"author\":{\"name\":\"bannedvideos\",\"@id\":\"https:\/\/bannedvideos.net\/en\/#\/schema\/person\/6901bae47f89066856a9d2c7faa5ebd2\"},\"headline\":\"Il bambino, che ha subito una lesione cerebrale traumatica, pu\u00f2 ora andare in triciclo e guidare un trattore con suo padre\",\"datePublished\":\"2023-02-01T22:26:44+00:00\",\"dateModified\":\"2023-10-23T20:15:02+00:00\",\"mainEntityOfPage\":{\"@id\":\"https:\/\/bannedvideos.net\/it\/il-bambino-che-ha-subito-una-lesione-cerebrale-traumatica-puo-ora-andare-in-triciclo-e-guidare-un-trattore-con-suo-padre\/\"},\"wordCount\":294,\"publisher\":{\"@id\":\"https:\/\/bannedvideos.net\/en\/#organization\"},\"image\":{\"@id\":\"https:\/\/bannedvideos.net\/it\/il-bambino-che-ha-subito-una-lesione-cerebrale-traumatica-puo-ora-andare-in-triciclo-e-guidare-un-trattore-con-suo-padre\/#primaryimage\"},\"thumbnailUrl\":\"https:\/\/bannedvideos.net\/wp-content\/uploads\/2023\/10\/833587640.jpg\",\"articleSection\":[\"Trauma cranico\"],\"inLanguage\":\"it-IT\"},{\"@type\":\"WebPage\",\"@id\":\"https:\/\/bannedvideos.net\/it\/il-bambino-che-ha-subito-una-lesione-cerebrale-traumatica-puo-ora-andare-in-triciclo-e-guidare-un-trattore-con-suo-padre\/\",\"url\":\"https:\/\/bannedvideos.net\/it\/il-bambino-che-ha-subito-una-lesione-cerebrale-traumatica-puo-ora-andare-in-triciclo-e-guidare-un-trattore-con-suo-padre\/\",\"name\":\"Il bambino, che ha subito una lesione cerebrale traumatica, pu\u00f2 ora andare in triciclo e guidare un trattore con suo padre - Banned videos\",\"isPartOf\":{\"@id\":\"https:\/\/bannedvideos.net\/en\/#website\"},\"primaryImageOfPage\":{\"@id\":\"https:\/\/bannedvideos.net\/it\/il-bambino-che-ha-subito-una-lesione-cerebrale-traumatica-puo-ora-andare-in-triciclo-e-guidare-un-trattore-con-suo-padre\/#primaryimage\"},\"image\":{\"@id\":\"https:\/\/bannedvideos.net\/it\/il-bambino-che-ha-subito-una-lesione-cerebrale-traumatica-puo-ora-andare-in-triciclo-e-guidare-un-trattore-con-suo-padre\/#primaryimage\"},\"thumbnailUrl\":\"https:\/\/bannedvideos.net\/wp-content\/uploads\/2023\/10\/833587640.jpg\",\"datePublished\":\"2023-02-01T22:26:44+00:00\",\"dateModified\":\"2023-10-23T20:15:02+00:00\",\"breadcrumb\":{\"@id\":\"https:\/\/bannedvideos.net\/it\/il-bambino-che-ha-subito-una-lesione-cerebrale-traumatica-puo-ora-andare-in-triciclo-e-guidare-un-trattore-con-suo-padre\/#breadcrumb\"},\"inLanguage\":\"it-IT\",\"potentialAction\":[{\"@type\":\"ReadAction\",\"target\":[\"https:\/\/bannedvideos.net\/it\/il-bambino-che-ha-subito-una-lesione-cerebrale-traumatica-puo-ora-andare-in-triciclo-e-guidare-un-trattore-con-suo-padre\/\"]}]},{\"@type\":\"ImageObject\",\"inLanguage\":\"it-IT\",\"@id\":\"https:\/\/bannedvideos.net\/it\/il-bambino-che-ha-subito-una-lesione-cerebrale-traumatica-puo-ora-andare-in-triciclo-e-guidare-un-trattore-con-suo-padre\/#primaryimage\",\"url\":\"https:\/\/bannedvideos.net\/wp-content\/uploads\/2023\/10\/833587640.jpg\",\"contentUrl\":\"https:\/\/bannedvideos.net\/wp-content\/uploads\/2023\/10\/833587640.jpg\",\"width\":295,\"height\":166},{\"@type\":\"BreadcrumbList\",\"@id\":\"https:\/\/bannedvideos.net\/it\/il-bambino-che-ha-subito-una-lesione-cerebrale-traumatica-puo-ora-andare-in-triciclo-e-guidare-un-trattore-con-suo-padre\/#breadcrumb\",\"itemListElement\":[{\"@type\":\"ListItem\",\"position\":1,\"name\":\"Home\",\"item\":\"https:\/\/bannedvideos.net\/it\/\"},{\"@type\":\"ListItem\",\"position\":2,\"name\":\"Il bambino, che ha subito una lesione cerebrale traumatica, pu\u00f2 ora andare in triciclo e guidare un trattore con suo padre\"}]},{\"@type\":\"WebSite\",\"@id\":\"https:\/\/bannedvideos.net\/en\/#website\",\"url\":\"https:\/\/bannedvideos.net\/en\/\",\"name\":\"Banned videos\",\"description\":\"\",\"publisher\":{\"@id\":\"https:\/\/bannedvideos.net\/en\/#organization\"},\"potentialAction\":[{\"@type\":\"SearchAction\",\"target\":{\"@type\":\"EntryPoint\",\"urlTemplate\":\"https:\/\/bannedvideos.net\/en\/?s={search_term_string}\"},\"query-input\":{\"@type\":\"PropertyValueSpecification\",\"valueRequired\":true,\"valueName\":\"search_term_string\"}}],\"inLanguage\":\"it-IT\"},{\"@type\":\"Organization\",\"@id\":\"https:\/\/bannedvideos.net\/en\/#organization\",\"name\":\"Banned videos\",\"url\":\"https:\/\/bannedvideos.net\/en\/\",\"logo\":{\"@type\":\"ImageObject\",\"inLanguage\":\"it-IT\",\"@id\":\"https:\/\/bannedvideos.net\/en\/#\/schema\/logo\/image\/\",\"url\":\"https:\/\/bannedvideos.net\/wp-content\/uploads\/2022\/07\/logo.png\",\"contentUrl\":\"https:\/\/bannedvideos.net\/wp-content\/uploads\/2022\/07\/logo.png\",\"width\":1496,\"height\":1441,\"caption\":\"Banned videos\"},\"image\":{\"@id\":\"https:\/\/bannedvideos.net\/en\/#\/schema\/logo\/image\/\"}},{\"@type\":\"Person\",\"@id\":\"https:\/\/bannedvideos.net\/en\/#\/schema\/person\/6901bae47f89066856a9d2c7faa5ebd2\",\"name\":\"bannedvideos\",\"image\":{\"@type\":\"ImageObject\",\"inLanguage\":\"it-IT\",\"@id\":\"https:\/\/bannedvideos.net\/en\/#\/schema\/person\/image\/\",\"url\":\"https:\/\/secure.gravatar.com\/avatar\/1f862b55a0861f605d25254d402b1f68536d9e9d320d9e14040debcefacf6342?s=96&d=mm&r=g\",\"contentUrl\":\"https:\/\/secure.gravatar.com\/avatar\/1f862b55a0861f605d25254d402b1f68536d9e9d320d9e14040debcefacf6342?s=96&d=mm&r=g\",\"caption\":\"bannedvideos\"}}]}<\/script>\n<!-- \/ Yoast SEO plugin. -->","yoast_head_json":{"title":"Il bambino, che ha subito una lesione cerebrale traumatica, pu\u00f2 ora andare in triciclo e guidare un trattore con suo padre - Banned videos","robots":{"index":"index","follow":"follow","max-snippet":"max-snippet:-1","max-image-preview":"max-image-preview:large","max-video-preview":"max-video-preview:-1"},"canonical":"https:\/\/bannedvideos.net\/it\/il-bambino-che-ha-subito-una-lesione-cerebrale-traumatica-puo-ora-andare-in-triciclo-e-guidare-un-trattore-con-suo-padre\/","og_locale":"it_IT","og_type":"article","og_title":"Il bambino, che ha subito una lesione cerebrale traumatica, pu\u00f2 ora andare in triciclo e guidare un trattore con suo padre - Banned videos","og_description":"&#8220;Quando M\u00e1rko aveva due anni, \u00e8 stato preso a calci da un cavallo in un campo. Ha subito un trauma cranico. Soffriva di infiammazione cerebrale e meningi danneggiate. \u00c8 stato portato in ospedale, dove \u00e8 stato operato. \u00c9 rimasto in coma per 3 mesi. I medici lo hanno lasciato tornare a casa sapendo di avergli [&hellip;]","og_url":"https:\/\/bannedvideos.net\/it\/il-bambino-che-ha-subito-una-lesione-cerebrale-traumatica-puo-ora-andare-in-triciclo-e-guidare-un-trattore-con-suo-padre\/","og_site_name":"Banned videos","article_published_time":"2023-02-01T22:26:44+00:00","article_modified_time":"2023-10-23T20:15:02+00:00","og_image":[{"width":295,"height":166,"url":"https:\/\/bannedvideos.net\/wp-content\/uploads\/2023\/10\/833587640.jpg","type":"image\/jpeg"}],"author":"bannedvideos","twitter_card":"summary_large_image","twitter_misc":{"Scritto da":"bannedvideos","Tempo di lettura stimato":"1 minuto"},"schema":{"@context":"https:\/\/schema.org","@graph":[{"@type":"ScholarlyArticle","@id":"https:\/\/bannedvideos.net\/it\/il-bambino-che-ha-subito-una-lesione-cerebrale-traumatica-puo-ora-andare-in-triciclo-e-guidare-un-trattore-con-suo-padre\/#article","isPartOf":{"@id":"https:\/\/bannedvideos.net\/it\/il-bambino-che-ha-subito-una-lesione-cerebrale-traumatica-puo-ora-andare-in-triciclo-e-guidare-un-trattore-con-suo-padre\/"},"author":{"name":"bannedvideos","@id":"https:\/\/bannedvideos.net\/en\/#\/schema\/person\/6901bae47f89066856a9d2c7faa5ebd2"},"headline":"Il bambino, che ha subito una lesione cerebrale traumatica, pu\u00f2 ora andare in triciclo e guidare un trattore con suo padre","datePublished":"2023-02-01T22:26:44+00:00","dateModified":"2023-10-23T20:15:02+00:00","mainEntityOfPage":{"@id":"https:\/\/bannedvideos.net\/it\/il-bambino-che-ha-subito-una-lesione-cerebrale-traumatica-puo-ora-andare-in-triciclo-e-guidare-un-trattore-con-suo-padre\/"},"wordCount":294,"publisher":{"@id":"https:\/\/bannedvideos.net\/en\/#organization"},"image":{"@id":"https:\/\/bannedvideos.net\/it\/il-bambino-che-ha-subito-una-lesione-cerebrale-traumatica-puo-ora-andare-in-triciclo-e-guidare-un-trattore-con-suo-padre\/#primaryimage"},"thumbnailUrl":"https:\/\/bannedvideos.net\/wp-content\/uploads\/2023\/10\/833587640.jpg","articleSection":["Trauma cranico"],"inLanguage":"it-IT"},{"@type":"WebPage","@id":"https:\/\/bannedvideos.net\/it\/il-bambino-che-ha-subito-una-lesione-cerebrale-traumatica-puo-ora-andare-in-triciclo-e-guidare-un-trattore-con-suo-padre\/","url":"https:\/\/bannedvideos.net\/it\/il-bambino-che-ha-subito-una-lesione-cerebrale-traumatica-puo-ora-andare-in-triciclo-e-guidare-un-trattore-con-suo-padre\/","name":"Il bambino, che ha subito una lesione cerebrale traumatica, pu\u00f2 ora andare in triciclo e guidare un trattore con suo padre - Banned videos","isPartOf":{"@id":"https:\/\/bannedvideos.net\/en\/#website"},"primaryImageOfPage":{"@id":"https:\/\/bannedvideos.net\/it\/il-bambino-che-ha-subito-una-lesione-cerebrale-traumatica-puo-ora-andare-in-triciclo-e-guidare-un-trattore-con-suo-padre\/#primaryimage"},"image":{"@id":"https:\/\/bannedvideos.net\/it\/il-bambino-che-ha-subito-una-lesione-cerebrale-traumatica-puo-ora-andare-in-triciclo-e-guidare-un-trattore-con-suo-padre\/#primaryimage"},"thumbnailUrl":"https:\/\/bannedvideos.net\/wp-content\/uploads\/2023\/10\/833587640.jpg","datePublished":"2023-02-01T22:26:44+00:00","dateModified":"2023-10-23T20:15:02+00:00","breadcrumb":{"@id":"https:\/\/bannedvideos.net\/it\/il-bambino-che-ha-subito-una-lesione-cerebrale-traumatica-puo-ora-andare-in-triciclo-e-guidare-un-trattore-con-suo-padre\/#breadcrumb"},"inLanguage":"it-IT","potentialAction":[{"@type":"ReadAction","target":["https:\/\/bannedvideos.net\/it\/il-bambino-che-ha-subito-una-lesione-cerebrale-traumatica-puo-ora-andare-in-triciclo-e-guidare-un-trattore-con-suo-padre\/"]}]},{"@type":"ImageObject","inLanguage":"it-IT","@id":"https:\/\/bannedvideos.net\/it\/il-bambino-che-ha-subito-una-lesione-cerebrale-traumatica-puo-ora-andare-in-triciclo-e-guidare-un-trattore-con-suo-padre\/#primaryimage","url":"https:\/\/bannedvideos.net\/wp-content\/uploads\/2023\/10\/833587640.jpg","contentUrl":"https:\/\/bannedvideos.net\/wp-content\/uploads\/2023\/10\/833587640.jpg","width":295,"height":166},{"@type":"BreadcrumbList","@id":"https:\/\/bannedvideos.net\/it\/il-bambino-che-ha-subito-una-lesione-cerebrale-traumatica-puo-ora-andare-in-triciclo-e-guidare-un-trattore-con-suo-padre\/#breadcrumb","itemListElement":[{"@type":"ListItem","position":1,"name":"Home","item":"https:\/\/bannedvideos.net\/it\/"},{"@type":"ListItem","position":2,"name":"Il bambino, che ha subito una lesione cerebrale traumatica, pu\u00f2 ora andare in triciclo e guidare un trattore con suo padre"}]},{"@type":"WebSite","@id":"https:\/\/bannedvideos.net\/en\/#website","url":"https:\/\/bannedvideos.net\/en\/","name":"Banned videos","description":"","publisher":{"@id":"https:\/\/bannedvideos.net\/en\/#organization"},"potentialAction":[{"@type":"SearchAction","target":{"@type":"EntryPoint","urlTemplate":"https:\/\/bannedvideos.net\/en\/?s={search_term_string}"},"query-input":{"@type":"PropertyValueSpecification","valueRequired":true,"valueName":"search_term_string"}}],"inLanguage":"it-IT"},{"@type":"Organization","@id":"https:\/\/bannedvideos.net\/en\/#organization","name":"Banned videos","url":"https:\/\/bannedvideos.net\/en\/","logo":{"@type":"ImageObject","inLanguage":"it-IT","@id":"https:\/\/bannedvideos.net\/en\/#\/schema\/logo\/image\/","url":"https:\/\/bannedvideos.net\/wp-content\/uploads\/2022\/07\/logo.png","contentUrl":"https:\/\/bannedvideos.net\/wp-content\/uploads\/2022\/07\/logo.png","width":1496,"height":1441,"caption":"Banned videos"},"image":{"@id":"https:\/\/bannedvideos.net\/en\/#\/schema\/logo\/image\/"}},{"@type":"Person","@id":"https:\/\/bannedvideos.net\/en\/#\/schema\/person\/6901bae47f89066856a9d2c7faa5ebd2","name":"bannedvideos","image":{"@type":"ImageObject","inLanguage":"it-IT","@id":"https:\/\/bannedvideos.net\/en\/#\/schema\/person\/image\/","url":"https:\/\/secure.gravatar.com\/avatar\/1f862b55a0861f605d25254d402b1f68536d9e9d320d9e14040debcefacf6342?s=96&d=mm&r=g","contentUrl":"https:\/\/secure.gravatar.com\/avatar\/1f862b55a0861f605d25254d402b1f68536d9e9d320d9e14040debcefacf6342?s=96&d=mm&r=g","caption":"bannedvideos"}}]}},"_links":{"self":[{"href":"https:\/\/bannedvideos.net\/it\/wp-json\/wp\/v2\/posts\/93226","targetHints":{"allow":["GET"]}}],"collection":[{"href":"https:\/\/bannedvideos.net\/it\/wp-json\/wp\/v2\/posts"}],"about":[{"href":"https:\/\/bannedvideos.net\/it\/wp-json\/wp\/v2\/types\/post"}],"author":[{"embeddable":true,"href":"https:\/\/bannedvideos.net\/it\/wp-json\/wp\/v2\/users\/4"}],"replies":[{"embeddable":true,"href":"https:\/\/bannedvideos.net\/it\/wp-json\/wp\/v2\/comments?post=93226"}],"version-history":[{"count":0,"href":"https:\/\/bannedvideos.net\/it\/wp-json\/wp\/v2\/posts\/93226\/revisions"}],"wp:featuredmedia":[{"embeddable":true,"href":"https:\/\/bannedvideos.net\/it\/wp-json\/wp\/v2\/media\/93227"}],"wp:attachment":[{"href":"https:\/\/bannedvideos.net\/it\/wp-json\/wp\/v2\/media?parent=93226"}],"wp:term":[{"taxonomy":"category","embeddable":true,"href":"https:\/\/bannedvideos.net\/it\/wp-json\/wp\/v2\/categories?post=93226"},{"taxonomy":"post_tag","embeddable":true,"href":"https:\/\/bannedvideos.net\/it\/wp-json\/wp\/v2\/tags?post=93226"}],"curies":[{"name":"wp","href":"https:\/\/api.w.org\/{rel}","templated":true}]}}