{"id":137954,"date":"2022-07-04T16:59:43","date_gmt":"2022-07-04T14:59:43","guid":{"rendered":"https:\/\/bannedvideos.net\/efter-9-ar-vaknar-vivien-upp-ur-en-mentalt-vaken-koma\/"},"modified":"2026-01-11T16:50:10","modified_gmt":"2026-01-11T14:50:10","slug":"efter-9-ar-vaknar-vivien-upp-ur-en-mentalt-vaken-koma","status":"publish","type":"post","link":"https:\/\/bannedvideos.net\/sv\/efter-9-ar-vaknar-vivien-upp-ur-en-mentalt-vaken-koma\/","title":{"rendered":"Efter 9 \u00e5r vaknar Vivien upp ur en mentalt vaken koma"},"content":{"rendered":"<p>Vivien har legat i en mentalt vaken koma i 9 \u00e5r. Hennes mamma f\u00f6rs\u00f6kte n\u00e4stan allt f\u00f6r att f\u00e5 sin dotter ur detta tillst\u00e5nd, utan framg\u00e5ng. Nu ser hon dock fler och fler f\u00f6r\u00e4ndringar hos Vivien, som blev p\u00e5k\u00f6rd av en bil vid 15 \u00e5rs \u00e5lder och \u00e5drog sig en allvarlig hj\u00e4rnskada till f\u00f6ljd av detta. &#8221;Jag var v\u00e4ldigt skeptisk fram till den f\u00f6rsta veckan, men sedan s\u00e5g jag att det fanns en f\u00f6r\u00e4ndring och att det inte fanns n\u00e5gon annan orsak \u00e4n C-peptid&#8221;, sa mamman.<\/p>\n","protected":false},"excerpt":{"rendered":"<p>Vivien har legat i en mentalt vaken koma i 9 \u00e5r. Hennes mamma f\u00f6rs\u00f6kte n\u00e4stan allt f\u00f6r att f\u00e5 sin dotter ur detta tillst\u00e5nd, utan framg\u00e5ng. Nu ser hon dock fler och fler f\u00f6r\u00e4ndringar hos Vivien, som blev p\u00e5k\u00f6rd av en bil vid 15 \u00e5rs \u00e5lder och \u00e5drog sig en allvarlig hj\u00e4rnskada till f\u00f6ljd av [&hellip;]<\/p>\n","protected":false},"author":4,"featured_media":137955,"comment_status":"closed","ping_status":"closed","sticky":false,"template":"","format":"video","meta":{"footnotes":""},"categories":[1316,1317],"tags":[],"class_list":{"0":"post-137954","1":"post","2":"type-post","3":"status-publish","4":"format-video","5":"has-post-thumbnail","7":"category-koma","8":"category-traumatisk-hjarnskada","9":"post_format-post-format-video"},"yoast_head":"<!-- This site is optimized with the Yoast SEO plugin v26.4 - https:\/\/yoast.com\/wordpress\/plugins\/seo\/ -->\n<title>Efter 9 \u00e5r vaknar Vivien upp ur en mentalt vaken koma - Banned videos<\/title>\n<meta name=\"robots\" content=\"index, follow, max-snippet:-1, max-image-preview:large, max-video-preview:-1\" \/>\n<link rel=\"canonical\" href=\"https:\/\/bannedvideos.net\/sv\/efter-9-ar-vaknar-vivien-upp-ur-en-mentalt-vaken-koma\/\" \/>\n<meta property=\"og:locale\" content=\"sv_SE\" \/>\n<meta property=\"og:type\" content=\"article\" \/>\n<meta property=\"og:title\" content=\"Efter 9 \u00e5r vaknar Vivien upp ur en mentalt vaken koma - Banned videos\" \/>\n<meta property=\"og:description\" content=\"Vivien har legat i en mentalt vaken koma i 9 \u00e5r. Hennes mamma f\u00f6rs\u00f6kte n\u00e4stan allt f\u00f6r att f\u00e5 sin dotter ur detta tillst\u00e5nd, utan framg\u00e5ng. Nu ser hon dock fler och fler f\u00f6r\u00e4ndringar hos Vivien, som blev p\u00e5k\u00f6rd av en bil vid 15 \u00e5rs \u00e5lder och \u00e5drog sig en allvarlig hj\u00e4rnskada till f\u00f6ljd av [&hellip;]\" \/>\n<meta property=\"og:url\" content=\"https:\/\/bannedvideos.net\/sv\/efter-9-ar-vaknar-vivien-upp-ur-en-mentalt-vaken-koma\/\" \/>\n<meta property=\"og:site_name\" content=\"Banned videos\" \/>\n<meta property=\"article:published_time\" content=\"2022-07-04T14:59:43+00:00\" \/>\n<meta property=\"article:modified_time\" content=\"2026-01-11T14:50:10+00:00\" \/>\n<meta property=\"og:image\" content=\"https:\/\/bannedvideos.net\/wp-content\/uploads\/2026\/01\/1151351807.jpg\" \/>\n\t<meta property=\"og:image:width\" content=\"295\" \/>\n\t<meta property=\"og:image:height\" content=\"166\" \/>\n\t<meta property=\"og:image:type\" content=\"image\/jpeg\" \/>\n<meta name=\"author\" content=\"bannedvideos\" \/>\n<meta name=\"twitter:card\" content=\"summary_large_image\" \/>\n<meta name=\"twitter:label1\" content=\"Skriven av\" \/>\n\t<meta name=\"twitter:data1\" content=\"bannedvideos\" \/>\n\t<meta name=\"twitter:label2\" content=\"Ber\u00e4knad l\u00e4stid\" \/>\n\t<meta name=\"twitter:data2\" content=\"1 minut\" \/>\n<script type=\"application\/ld+json\" class=\"yoast-schema-graph\">{\"@context\":\"https:\/\/schema.org\",\"@graph\":[{\"@type\":\"ScholarlyArticle\",\"@id\":\"https:\/\/bannedvideos.net\/sv\/efter-9-ar-vaknar-vivien-upp-ur-en-mentalt-vaken-koma\/#article\",\"isPartOf\":{\"@id\":\"https:\/\/bannedvideos.net\/sv\/efter-9-ar-vaknar-vivien-upp-ur-en-mentalt-vaken-koma\/\"},\"author\":{\"name\":\"bannedvideos\",\"@id\":\"https:\/\/bannedvideos.net\/en\/#\/schema\/person\/6901bae47f89066856a9d2c7faa5ebd2\"},\"headline\":\"Efter 9 \u00e5r vaknar Vivien upp ur en mentalt vaken koma\",\"datePublished\":\"2022-07-04T14:59:43+00:00\",\"dateModified\":\"2026-01-11T14:50:10+00:00\",\"mainEntityOfPage\":{\"@id\":\"https:\/\/bannedvideos.net\/sv\/efter-9-ar-vaknar-vivien-upp-ur-en-mentalt-vaken-koma\/\"},\"wordCount\":112,\"publisher\":{\"@id\":\"https:\/\/bannedvideos.net\/en\/#organization\"},\"image\":{\"@id\":\"https:\/\/bannedvideos.net\/sv\/efter-9-ar-vaknar-vivien-upp-ur-en-mentalt-vaken-koma\/#primaryimage\"},\"thumbnailUrl\":\"https:\/\/bannedvideos.net\/wp-content\/uploads\/2026\/01\/1151351807.jpg\",\"articleSection\":[\"Koma\",\"Traumatisk hj\u00e4rnskada\"],\"inLanguage\":\"sv-SE\"},{\"@type\":\"WebPage\",\"@id\":\"https:\/\/bannedvideos.net\/sv\/efter-9-ar-vaknar-vivien-upp-ur-en-mentalt-vaken-koma\/\",\"url\":\"https:\/\/bannedvideos.net\/sv\/efter-9-ar-vaknar-vivien-upp-ur-en-mentalt-vaken-koma\/\",\"name\":\"Efter 9 \u00e5r vaknar Vivien upp ur en mentalt vaken koma - Banned videos\",\"isPartOf\":{\"@id\":\"https:\/\/bannedvideos.net\/en\/#website\"},\"primaryImageOfPage\":{\"@id\":\"https:\/\/bannedvideos.net\/sv\/efter-9-ar-vaknar-vivien-upp-ur-en-mentalt-vaken-koma\/#primaryimage\"},\"image\":{\"@id\":\"https:\/\/bannedvideos.net\/sv\/efter-9-ar-vaknar-vivien-upp-ur-en-mentalt-vaken-koma\/#primaryimage\"},\"thumbnailUrl\":\"https:\/\/bannedvideos.net\/wp-content\/uploads\/2026\/01\/1151351807.jpg\",\"datePublished\":\"2022-07-04T14:59:43+00:00\",\"dateModified\":\"2026-01-11T14:50:10+00:00\",\"breadcrumb\":{\"@id\":\"https:\/\/bannedvideos.net\/sv\/efter-9-ar-vaknar-vivien-upp-ur-en-mentalt-vaken-koma\/#breadcrumb\"},\"inLanguage\":\"sv-SE\",\"potentialAction\":[{\"@type\":\"ReadAction\",\"target\":[\"https:\/\/bannedvideos.net\/sv\/efter-9-ar-vaknar-vivien-upp-ur-en-mentalt-vaken-koma\/\"]}]},{\"@type\":\"ImageObject\",\"inLanguage\":\"sv-SE\",\"@id\":\"https:\/\/bannedvideos.net\/sv\/efter-9-ar-vaknar-vivien-upp-ur-en-mentalt-vaken-koma\/#primaryimage\",\"url\":\"https:\/\/bannedvideos.net\/wp-content\/uploads\/2026\/01\/1151351807.jpg\",\"contentUrl\":\"https:\/\/bannedvideos.net\/wp-content\/uploads\/2026\/01\/1151351807.jpg\",\"width\":295,\"height\":166},{\"@type\":\"BreadcrumbList\",\"@id\":\"https:\/\/bannedvideos.net\/sv\/efter-9-ar-vaknar-vivien-upp-ur-en-mentalt-vaken-koma\/#breadcrumb\",\"itemListElement\":[{\"@type\":\"ListItem\",\"position\":1,\"name\":\"Home\",\"item\":\"https:\/\/bannedvideos.net\/sv\/\"},{\"@type\":\"ListItem\",\"position\":2,\"name\":\"Efter 9 \u00e5r vaknar Vivien upp ur en mentalt vaken koma\"}]},{\"@type\":\"WebSite\",\"@id\":\"https:\/\/bannedvideos.net\/en\/#website\",\"url\":\"https:\/\/bannedvideos.net\/en\/\",\"name\":\"Banned videos\",\"description\":\"\",\"publisher\":{\"@id\":\"https:\/\/bannedvideos.net\/en\/#organization\"},\"potentialAction\":[{\"@type\":\"SearchAction\",\"target\":{\"@type\":\"EntryPoint\",\"urlTemplate\":\"https:\/\/bannedvideos.net\/en\/?s={search_term_string}\"},\"query-input\":{\"@type\":\"PropertyValueSpecification\",\"valueRequired\":true,\"valueName\":\"search_term_string\"}}],\"inLanguage\":\"sv-SE\"},{\"@type\":\"Organization\",\"@id\":\"https:\/\/bannedvideos.net\/en\/#organization\",\"name\":\"Banned videos\",\"url\":\"https:\/\/bannedvideos.net\/en\/\",\"logo\":{\"@type\":\"ImageObject\",\"inLanguage\":\"sv-SE\",\"@id\":\"https:\/\/bannedvideos.net\/en\/#\/schema\/logo\/image\/\",\"url\":\"https:\/\/bannedvideos.net\/wp-content\/uploads\/2022\/07\/logo.png\",\"contentUrl\":\"https:\/\/bannedvideos.net\/wp-content\/uploads\/2022\/07\/logo.png\",\"width\":1496,\"height\":1441,\"caption\":\"Banned videos\"},\"image\":{\"@id\":\"https:\/\/bannedvideos.net\/en\/#\/schema\/logo\/image\/\"}},{\"@type\":\"Person\",\"@id\":\"https:\/\/bannedvideos.net\/en\/#\/schema\/person\/6901bae47f89066856a9d2c7faa5ebd2\",\"name\":\"bannedvideos\",\"image\":{\"@type\":\"ImageObject\",\"inLanguage\":\"sv-SE\",\"@id\":\"https:\/\/bannedvideos.net\/en\/#\/schema\/person\/image\/\",\"url\":\"https:\/\/secure.gravatar.com\/avatar\/1f862b55a0861f605d25254d402b1f68536d9e9d320d9e14040debcefacf6342?s=96&d=mm&r=g\",\"contentUrl\":\"https:\/\/secure.gravatar.com\/avatar\/1f862b55a0861f605d25254d402b1f68536d9e9d320d9e14040debcefacf6342?s=96&d=mm&r=g\",\"caption\":\"bannedvideos\"}}]}<\/script>\n<!-- \/ Yoast SEO plugin. -->","yoast_head_json":{"title":"Efter 9 \u00e5r vaknar Vivien upp ur en mentalt vaken koma - Banned videos","robots":{"index":"index","follow":"follow","max-snippet":"max-snippet:-1","max-image-preview":"max-image-preview:large","max-video-preview":"max-video-preview:-1"},"canonical":"https:\/\/bannedvideos.net\/sv\/efter-9-ar-vaknar-vivien-upp-ur-en-mentalt-vaken-koma\/","og_locale":"sv_SE","og_type":"article","og_title":"Efter 9 \u00e5r vaknar Vivien upp ur en mentalt vaken koma - Banned videos","og_description":"Vivien har legat i en mentalt vaken koma i 9 \u00e5r. Hennes mamma f\u00f6rs\u00f6kte n\u00e4stan allt f\u00f6r att f\u00e5 sin dotter ur detta tillst\u00e5nd, utan framg\u00e5ng. Nu ser hon dock fler och fler f\u00f6r\u00e4ndringar hos Vivien, som blev p\u00e5k\u00f6rd av en bil vid 15 \u00e5rs \u00e5lder och \u00e5drog sig en allvarlig hj\u00e4rnskada till f\u00f6ljd av [&hellip;]","og_url":"https:\/\/bannedvideos.net\/sv\/efter-9-ar-vaknar-vivien-upp-ur-en-mentalt-vaken-koma\/","og_site_name":"Banned videos","article_published_time":"2022-07-04T14:59:43+00:00","article_modified_time":"2026-01-11T14:50:10+00:00","og_image":[{"width":295,"height":166,"url":"https:\/\/bannedvideos.net\/wp-content\/uploads\/2026\/01\/1151351807.jpg","type":"image\/jpeg"}],"author":"bannedvideos","twitter_card":"summary_large_image","twitter_misc":{"Skriven av":"bannedvideos","Ber\u00e4knad l\u00e4stid":"1 minut"},"schema":{"@context":"https:\/\/schema.org","@graph":[{"@type":"ScholarlyArticle","@id":"https:\/\/bannedvideos.net\/sv\/efter-9-ar-vaknar-vivien-upp-ur-en-mentalt-vaken-koma\/#article","isPartOf":{"@id":"https:\/\/bannedvideos.net\/sv\/efter-9-ar-vaknar-vivien-upp-ur-en-mentalt-vaken-koma\/"},"author":{"name":"bannedvideos","@id":"https:\/\/bannedvideos.net\/en\/#\/schema\/person\/6901bae47f89066856a9d2c7faa5ebd2"},"headline":"Efter 9 \u00e5r vaknar Vivien upp ur en mentalt vaken koma","datePublished":"2022-07-04T14:59:43+00:00","dateModified":"2026-01-11T14:50:10+00:00","mainEntityOfPage":{"@id":"https:\/\/bannedvideos.net\/sv\/efter-9-ar-vaknar-vivien-upp-ur-en-mentalt-vaken-koma\/"},"wordCount":112,"publisher":{"@id":"https:\/\/bannedvideos.net\/en\/#organization"},"image":{"@id":"https:\/\/bannedvideos.net\/sv\/efter-9-ar-vaknar-vivien-upp-ur-en-mentalt-vaken-koma\/#primaryimage"},"thumbnailUrl":"https:\/\/bannedvideos.net\/wp-content\/uploads\/2026\/01\/1151351807.jpg","articleSection":["Koma","Traumatisk hj\u00e4rnskada"],"inLanguage":"sv-SE"},{"@type":"WebPage","@id":"https:\/\/bannedvideos.net\/sv\/efter-9-ar-vaknar-vivien-upp-ur-en-mentalt-vaken-koma\/","url":"https:\/\/bannedvideos.net\/sv\/efter-9-ar-vaknar-vivien-upp-ur-en-mentalt-vaken-koma\/","name":"Efter 9 \u00e5r vaknar Vivien upp ur en mentalt vaken koma - Banned videos","isPartOf":{"@id":"https:\/\/bannedvideos.net\/en\/#website"},"primaryImageOfPage":{"@id":"https:\/\/bannedvideos.net\/sv\/efter-9-ar-vaknar-vivien-upp-ur-en-mentalt-vaken-koma\/#primaryimage"},"image":{"@id":"https:\/\/bannedvideos.net\/sv\/efter-9-ar-vaknar-vivien-upp-ur-en-mentalt-vaken-koma\/#primaryimage"},"thumbnailUrl":"https:\/\/bannedvideos.net\/wp-content\/uploads\/2026\/01\/1151351807.jpg","datePublished":"2022-07-04T14:59:43+00:00","dateModified":"2026-01-11T14:50:10+00:00","breadcrumb":{"@id":"https:\/\/bannedvideos.net\/sv\/efter-9-ar-vaknar-vivien-upp-ur-en-mentalt-vaken-koma\/#breadcrumb"},"inLanguage":"sv-SE","potentialAction":[{"@type":"ReadAction","target":["https:\/\/bannedvideos.net\/sv\/efter-9-ar-vaknar-vivien-upp-ur-en-mentalt-vaken-koma\/"]}]},{"@type":"ImageObject","inLanguage":"sv-SE","@id":"https:\/\/bannedvideos.net\/sv\/efter-9-ar-vaknar-vivien-upp-ur-en-mentalt-vaken-koma\/#primaryimage","url":"https:\/\/bannedvideos.net\/wp-content\/uploads\/2026\/01\/1151351807.jpg","contentUrl":"https:\/\/bannedvideos.net\/wp-content\/uploads\/2026\/01\/1151351807.jpg","width":295,"height":166},{"@type":"BreadcrumbList","@id":"https:\/\/bannedvideos.net\/sv\/efter-9-ar-vaknar-vivien-upp-ur-en-mentalt-vaken-koma\/#breadcrumb","itemListElement":[{"@type":"ListItem","position":1,"name":"Home","item":"https:\/\/bannedvideos.net\/sv\/"},{"@type":"ListItem","position":2,"name":"Efter 9 \u00e5r vaknar Vivien upp ur en mentalt vaken koma"}]},{"@type":"WebSite","@id":"https:\/\/bannedvideos.net\/en\/#website","url":"https:\/\/bannedvideos.net\/en\/","name":"Banned videos","description":"","publisher":{"@id":"https:\/\/bannedvideos.net\/en\/#organization"},"potentialAction":[{"@type":"SearchAction","target":{"@type":"EntryPoint","urlTemplate":"https:\/\/bannedvideos.net\/en\/?s={search_term_string}"},"query-input":{"@type":"PropertyValueSpecification","valueRequired":true,"valueName":"search_term_string"}}],"inLanguage":"sv-SE"},{"@type":"Organization","@id":"https:\/\/bannedvideos.net\/en\/#organization","name":"Banned videos","url":"https:\/\/bannedvideos.net\/en\/","logo":{"@type":"ImageObject","inLanguage":"sv-SE","@id":"https:\/\/bannedvideos.net\/en\/#\/schema\/logo\/image\/","url":"https:\/\/bannedvideos.net\/wp-content\/uploads\/2022\/07\/logo.png","contentUrl":"https:\/\/bannedvideos.net\/wp-content\/uploads\/2022\/07\/logo.png","width":1496,"height":1441,"caption":"Banned videos"},"image":{"@id":"https:\/\/bannedvideos.net\/en\/#\/schema\/logo\/image\/"}},{"@type":"Person","@id":"https:\/\/bannedvideos.net\/en\/#\/schema\/person\/6901bae47f89066856a9d2c7faa5ebd2","name":"bannedvideos","image":{"@type":"ImageObject","inLanguage":"sv-SE","@id":"https:\/\/bannedvideos.net\/en\/#\/schema\/person\/image\/","url":"https:\/\/secure.gravatar.com\/avatar\/1f862b55a0861f605d25254d402b1f68536d9e9d320d9e14040debcefacf6342?s=96&d=mm&r=g","contentUrl":"https:\/\/secure.gravatar.com\/avatar\/1f862b55a0861f605d25254d402b1f68536d9e9d320d9e14040debcefacf6342?s=96&d=mm&r=g","caption":"bannedvideos"}}]}},"_links":{"self":[{"href":"https:\/\/bannedvideos.net\/sv\/wp-json\/wp\/v2\/posts\/137954","targetHints":{"allow":["GET"]}}],"collection":[{"href":"https:\/\/bannedvideos.net\/sv\/wp-json\/wp\/v2\/posts"}],"about":[{"href":"https:\/\/bannedvideos.net\/sv\/wp-json\/wp\/v2\/types\/post"}],"author":[{"embeddable":true,"href":"https:\/\/bannedvideos.net\/sv\/wp-json\/wp\/v2\/users\/4"}],"replies":[{"embeddable":true,"href":"https:\/\/bannedvideos.net\/sv\/wp-json\/wp\/v2\/comments?post=137954"}],"version-history":[{"count":0,"href":"https:\/\/bannedvideos.net\/sv\/wp-json\/wp\/v2\/posts\/137954\/revisions"}],"wp:featuredmedia":[{"embeddable":true,"href":"https:\/\/bannedvideos.net\/sv\/wp-json\/wp\/v2\/media\/137955"}],"wp:attachment":[{"href":"https:\/\/bannedvideos.net\/sv\/wp-json\/wp\/v2\/media?parent=137954"}],"wp:term":[{"taxonomy":"category","embeddable":true,"href":"https:\/\/bannedvideos.net\/sv\/wp-json\/wp\/v2\/categories?post=137954"},{"taxonomy":"post_tag","embeddable":true,"href":"https:\/\/bannedvideos.net\/sv\/wp-json\/wp\/v2\/tags?post=137954"}],"curies":[{"name":"wp","href":"https:\/\/api.w.org\/{rel}","templated":true}]}}